{"id":12603,"date":"2024-08-26T06:30:13","date_gmt":"2024-08-26T06:30:13","guid":{"rendered":"https:\/\/eunewsroom.com\/rekordowy-rok-dla-oze-ale-i-tak-wciaz-traci-europa\/"},"modified":"2024-08-26T06:30:13","modified_gmt":"2024-08-26T06:30:13","slug":"rekordowy-rok-dla-oze-ale-i-tak-wciaz-traci-europa","status":"publish","type":"post","link":"https:\/\/eunewsroom.com\/pl\/rekordowy-rok-dla-oze-ale-i-tak-wciaz-traci-europa\/","title":{"rendered":"Rekordowy rok dla OZE, ale i tak wci\u0105\u017c traci Europa"},"content":{"rendered":"<p> <br \/>\n<\/p>\n<div>\n<h2 class=\"wp-block-heading\">Odnawialne \u017ar\u00f3d\u0142a energii bij\u0105 kolejne rekordy<\/h2>\n<p>Energy Institute przeanalizowa\u0142 sektor energetyczny w skali globalnej. Z uzyskanych danych nale\u017cy wyci\u0105gn\u0105\u0107 kilka wa\u017cnych wniosk\u00f3w. Rok 2023 przyni\u00f3s\u0142 spektakularny wzrost udzia\u0142u OZE w globalnym zu\u017cyciu energii. Ich udzia\u0142 w ca\u0142kowitym zu\u017cyciu pierwotnej energii wyni\u00f3s\u0142 14,6%, co stanowi wzrost o 0,4% w por\u00f3wnaniu do roku poprzedniego. Co wa\u017cne, razem z sektorem j\u0105drowym udzia\u0142 ten wzrasta do 18%.\u00a0<\/p>\n<p>Zgodnie z oczekiwaniami to energetyka s\u0142oneczna i wiatrowa popchn\u0119\u0142y globaln\u0105 generacj\u0119 z OZE do&#8230;<\/p>\n<\/div>\n<p><br \/>\n<br \/><a href=\"https:\/\/globenergia.pl\/rekordowy-rok-dla-oze-ale-i-tak-wciaz-traci-europa\/\">\u0179r\u00f3d\u0142o<\/a><\/p>\n","protected":false},"excerpt":{"rendered":"<p>Odnawialne \u017ar\u00f3d\u0142a energii bij\u0105 kolejne rekordy Energy Institute przeanalizowa\u0142 sektor energetyczny w skali globalnej. Z uzyskanych danych nale\u017cy wyci\u0105gn\u0105\u0107 kilka wa\u017cnych wniosk\u00f3w. Rok 2023 przyni\u00f3s\u0142 spektakularny wzrost udzia\u0142u OZE w globalnym zu\u017cyciu energii. Ich udzia\u0142 w ca\u0142kowitym zu\u017cyciu pierwotnej energii wyni\u00f3s\u0142 14,6%, co stanowi wzrost o 0,4% w por\u00f3wnaniu do roku poprzedniego. Co wa\u017cne, razem [&hellip;]<\/p>\n","protected":false},"author":1,"featured_media":0,"comment_status":"closed","ping_status":"closed","sticky":false,"template":"","format":"standard","meta":{"footnotes":""},"categories":[1192,1146],"tags":[],"class_list":{"0":"post-12603","1":"post","2":"type-post","3":"status-publish","4":"format-standard","6":"category-energy-pl","7":"category-energy-fr"},"_links":{"self":[{"href":"https:\/\/eunewsroom.com\/pl\/wp-json\/wp\/v2\/posts\/12603","targetHints":{"allow":["GET"]}}],"collection":[{"href":"https:\/\/eunewsroom.com\/pl\/wp-json\/wp\/v2\/posts"}],"about":[{"href":"https:\/\/eunewsroom.com\/pl\/wp-json\/wp\/v2\/types\/post"}],"author":[{"embeddable":true,"href":"https:\/\/eunewsroom.com\/pl\/wp-json\/wp\/v2\/users\/1"}],"replies":[{"embeddable":true,"href":"https:\/\/eunewsroom.com\/pl\/wp-json\/wp\/v2\/comments?post=12603"}],"version-history":[{"count":0,"href":"https:\/\/eunewsroom.com\/pl\/wp-json\/wp\/v2\/posts\/12603\/revisions"}],"wp:attachment":[{"href":"https:\/\/eunewsroom.com\/pl\/wp-json\/wp\/v2\/media?parent=12603"}],"wp:term":[{"taxonomy":"category","embeddable":true,"href":"https:\/\/eunewsroom.com\/pl\/wp-json\/wp\/v2\/categories?post=12603"},{"taxonomy":"post_tag","embeddable":true,"href":"https:\/\/eunewsroom.com\/pl\/wp-json\/wp\/v2\/tags?post=12603"}],"curies":[{"name":"wp","href":"https:\/\/api.w.org\/{rel}","templated":true}]}}