{"id":12601,"date":"2024-08-26T06:10:11","date_gmt":"2024-08-26T06:10:11","guid":{"rendered":"https:\/\/eunewsroom.com\/opracowanie-planu-realizacji-paktu-o-migracji-i-azylu\/"},"modified":"2024-08-26T06:10:11","modified_gmt":"2024-08-26T06:10:11","slug":"opracowanie-planu-realizacji-paktu-o-migracji-i-azylu","status":"publish","type":"post","link":"https:\/\/eunewsroom.com\/pl\/opracowanie-planu-realizacji-paktu-o-migracji-i-azylu\/","title":{"rendered":"Opracowanie planu realizacji paktu o migracji i azylu"},"content":{"rendered":"<p> <br \/>\n<\/p>\n<div>\n<p>\u00a0<\/p>\n<p>Komisja przedstawi\u0142a dzi\u015b <strong>wsp\u00f3lny plan wdra\u017cania<\/strong> paktu o migracji i azylu, aby zapewni\u0107 przygotowanie do czerwca 2026 r. wszystkich element\u00f3w akt\u00f3w ustawodawczych.\u00a0<\/p>\n<p>UE przyj\u0119\u0142a <strong>wsp\u00f3lny europejski system zarz\u0105dzania migracj\u0105 i azylem<\/strong>, kt\u00f3ry wszed\u0142 w \u017cycie 11 czerwca 2024 r. Komisja prowadzi obecnie <strong>wsp\u00f3lne prace nad wdro\u017ceniem uzgodnionych zasad<\/strong>. Do ko\u0144ca 2024 r. pa\u0144stwa UE b\u0119d\u0105 musia\u0142y opracowa\u0107 krajowe plany wdra\u017cania, w kt\u00f3rych przedstawi\u0105 konkretne kroki i wyja\u015bni\u0105, w jaki spos\u00f3b przekszta\u0142c\u0105 przepisy w dzia\u0142ania.<\/p>\n<p>Wsp\u00f3lny plan realizacji sk\u0142ada si\u0119 z&#8230;<\/strong><\/p>\n<\/div>\n<p><br \/>\n<br \/><a href=\"https:\/\/commission.europa.eu\/news\/setting-out-plan-put-migration-and-asylum-pact-practice-2024-06-12_pl\">\u0179r\u00f3d\u0142o<\/a><\/p>\n","protected":false},"excerpt":{"rendered":"<p>\u00a0 Komisja przedstawi\u0142a dzi\u015b wsp\u00f3lny plan wdra\u017cania paktu o migracji i azylu, aby zapewni\u0107 przygotowanie do czerwca 2026 r. wszystkich element\u00f3w akt\u00f3w ustawodawczych.\u00a0 UE przyj\u0119\u0142a wsp\u00f3lny europejski system zarz\u0105dzania migracj\u0105 i azylem, kt\u00f3ry wszed\u0142 w \u017cycie 11 czerwca 2024 r. Komisja prowadzi obecnie wsp\u00f3lne prace nad wdro\u017ceniem uzgodnionych zasad. Do ko\u0144ca 2024 r. pa\u0144stwa UE [&hellip;]<\/p>\n","protected":false},"author":1,"featured_media":0,"comment_status":"closed","ping_status":"closed","sticky":false,"template":"","format":"standard","meta":{"footnotes":""},"categories":[1184,1139],"tags":[],"class_list":{"0":"post-12601","1":"post","2":"type-post","3":"status-publish","4":"format-standard","6":"category-healthcare-pl","7":"category-healthcare-fr"},"_links":{"self":[{"href":"https:\/\/eunewsroom.com\/pl\/wp-json\/wp\/v2\/posts\/12601","targetHints":{"allow":["GET"]}}],"collection":[{"href":"https:\/\/eunewsroom.com\/pl\/wp-json\/wp\/v2\/posts"}],"about":[{"href":"https:\/\/eunewsroom.com\/pl\/wp-json\/wp\/v2\/types\/post"}],"author":[{"embeddable":true,"href":"https:\/\/eunewsroom.com\/pl\/wp-json\/wp\/v2\/users\/1"}],"replies":[{"embeddable":true,"href":"https:\/\/eunewsroom.com\/pl\/wp-json\/wp\/v2\/comments?post=12601"}],"version-history":[{"count":0,"href":"https:\/\/eunewsroom.com\/pl\/wp-json\/wp\/v2\/posts\/12601\/revisions"}],"wp:attachment":[{"href":"https:\/\/eunewsroom.com\/pl\/wp-json\/wp\/v2\/media?parent=12601"}],"wp:term":[{"taxonomy":"category","embeddable":true,"href":"https:\/\/eunewsroom.com\/pl\/wp-json\/wp\/v2\/categories?post=12601"},{"taxonomy":"post_tag","embeddable":true,"href":"https:\/\/eunewsroom.com\/pl\/wp-json\/wp\/v2\/tags?post=12601"}],"curies":[{"name":"wp","href":"https:\/\/api.w.org\/{rel}","templated":true}]}}