{"id":12600,"date":"2024-08-26T06:00:19","date_gmt":"2024-08-26T06:00:19","guid":{"rendered":"https:\/\/eunewsroom.com\/znana-polkom-europejska-marka-odziezowa-wraca-po-bankructwie-zmieni-jednak-nazwe\/"},"modified":"2024-08-26T06:00:19","modified_gmt":"2024-08-26T06:00:19","slug":"znana-polkom-europejska-marka-odziezowa-wraca-po-bankructwie-zmieni-jednak-nazwe","status":"publish","type":"post","link":"https:\/\/eunewsroom.com\/pl\/znana-polkom-europejska-marka-odziezowa-wraca-po-bankructwie-zmieni-jednak-nazwe\/","title":{"rendered":"Znana Polkom europejska marka odzie\u017cowa wraca po bankructwie. Zmieni jednak nazw\u0119"},"content":{"rendered":"<p> <br \/>\n<\/p>\n<div data-mrf-section=\"Article \/ Body\" data-gtm-section=\"page:article\/section:body\">\n<p class=\"articleBodyBlock article--paragraph\" id=\"block-id-6dmzotqAiP\">\nCama\u00efeu to znana francuska marka odzie\u017cowa, kt\u00f3rej sklepy stacjonarne przez wiele lat funkcjonowa\u0142y r\u00f3wnie\u017c w Polsce. Nowemu w\u0142a\u015bcicielowi marki uda\u0142o si\u0119 j\u0105 wskrzesi\u0107 \u2013 pod now\u0105, nieco zmodyfikowan\u0105 nazw\u0105. Ju\u017c niebawem pojawi\u0105 si\u0119 nowe sklepy sklepy stacjonarne, ruszy te\u017c sprzeda\u017c online.\n<\/p>\n<h2 class=\"articleBodyBlock article--header\" id=\"block-id-EAp3yewsZQ\">\nCama\u00efeu wraca na rynek w nowej ods\u0142onie<br \/>\n<\/h2>\n<p class=\"articleBodyBlock article--paragraph\" id=\"block-id-0DPndalKQl\">\nWiele polskich klientek z pokolenia milenials\u00f3w z pewno\u015bci\u0105 dobrze pami\u0119ta francusk\u0105 mark\u0119 odzie\u017cow\u0105 Cama\u00efeu. Jej sklepy mo\u017cna by\u0142o znale\u017a\u0107 w galeriach handlowych oraz przy g\u0142\u00f3wnych handlowych ulicach wielu polskich&#8230;<\/p>\n<\/div>\n<p><br \/>\n<br \/><a href=\"https:\/\/sukces.rp.pl\/moda\/art40694251-dobrze-znana-polkom-europejska-marka-odziezowa-wraca-zmieni-jednak-nazwe\">\u0179r\u00f3d\u0142o<\/a><\/p>\n","protected":false},"excerpt":{"rendered":"<p>Cama\u00efeu to znana francuska marka odzie\u017cowa, kt\u00f3rej sklepy stacjonarne przez wiele lat funkcjonowa\u0142y r\u00f3wnie\u017c w Polsce. Nowemu w\u0142a\u015bcicielowi marki uda\u0142o si\u0119 j\u0105 wskrzesi\u0107 \u2013 pod now\u0105, nieco zmodyfikowan\u0105 nazw\u0105. Ju\u017c niebawem pojawi\u0105 si\u0119 nowe sklepy sklepy stacjonarne, ruszy te\u017c sprzeda\u017c online. Cama\u00efeu wraca na rynek w nowej ods\u0142onie Wiele polskich klientek z pokolenia milenials\u00f3w z [&hellip;]<\/p>\n","protected":false},"author":1,"featured_media":0,"comment_status":"closed","ping_status":"closed","sticky":false,"template":"","format":"standard","meta":{"footnotes":""},"categories":[1148,1194],"tags":[],"class_list":{"0":"post-12600","1":"post","2":"type-post","3":"status-publish","4":"format-standard","6":"category-lifestyle-fr","7":"category-lifestyle-pl"},"_links":{"self":[{"href":"https:\/\/eunewsroom.com\/pl\/wp-json\/wp\/v2\/posts\/12600","targetHints":{"allow":["GET"]}}],"collection":[{"href":"https:\/\/eunewsroom.com\/pl\/wp-json\/wp\/v2\/posts"}],"about":[{"href":"https:\/\/eunewsroom.com\/pl\/wp-json\/wp\/v2\/types\/post"}],"author":[{"embeddable":true,"href":"https:\/\/eunewsroom.com\/pl\/wp-json\/wp\/v2\/users\/1"}],"replies":[{"embeddable":true,"href":"https:\/\/eunewsroom.com\/pl\/wp-json\/wp\/v2\/comments?post=12600"}],"version-history":[{"count":0,"href":"https:\/\/eunewsroom.com\/pl\/wp-json\/wp\/v2\/posts\/12600\/revisions"}],"wp:attachment":[{"href":"https:\/\/eunewsroom.com\/pl\/wp-json\/wp\/v2\/media?parent=12600"}],"wp:term":[{"taxonomy":"category","embeddable":true,"href":"https:\/\/eunewsroom.com\/pl\/wp-json\/wp\/v2\/categories?post=12600"},{"taxonomy":"post_tag","embeddable":true,"href":"https:\/\/eunewsroom.com\/pl\/wp-json\/wp\/v2\/tags?post=12600"}],"curies":[{"name":"wp","href":"https:\/\/api.w.org\/{rel}","templated":true}]}}