{"id":12599,"date":"2024-08-26T05:50:11","date_gmt":"2024-08-26T05:50:11","guid":{"rendered":"https:\/\/eunewsroom.com\/regionalna-polityka-zagraniczna-europy-rp-pl\/"},"modified":"2024-08-26T05:50:11","modified_gmt":"2024-08-26T05:50:11","slug":"regionalna-polityka-zagraniczna-europy-rp-pl","status":"publish","type":"post","link":"https:\/\/eunewsroom.com\/pl\/regionalna-polityka-zagraniczna-europy-rp-pl\/","title":{"rendered":"Regionalna polityka zagraniczna Europy? &#8211; rp.pl"},"content":{"rendered":"<p> <br \/>\n<\/p>\n<div data-mrf-section=\"Article \/ Body\" data-gtm-section=\"page:article\/section:body\">\n<p class=\"articleBodyBlock article--paragraph\" id=\"block-id-WqiRzUXErp\">\nPodzia\u0142 ten nie w\u00a0pe\u0142ni jednak odpowiada regionalnie zr\u00f3\u017cnicowanym wyzwaniom, przed kt\u00f3rymi staj\u0105 pa\u0144stwa cz\u0142onkowskie. G\u0142\u00f3wne z\u00a0wyzwa\u0144 dla Europy \u015arodkowo-Wschodniej i\u00a0pa\u0144stw ba\u0142tyckich wynikaj\u0105 z\u00a0ich strategicznego po\u0142o\u017cenia. Ostatnie dwa lata postawi\u0142y przed nami bezprecedensowe wyzwania zwi\u0105zane ze wsp\u00f3lnym bezpiecze\u0144stwem. Trwaj\u0105cy konflikt na Ukrainie oraz narastaj\u0105ce podzia\u0142y geopolityczne podkre\u015blaj\u0105 niepewno\u015b\u0107 naszej sytuacji \u015bwiatowej, co jednocze\u015bnie wyra\u017anie wskazuje na konieczno\u015b\u0107 zwi\u0119kszenia wsp\u00f3\u0142pracy. Czy regionalizacja polityki&#8230;<\/p>\n<\/div>\n<p><br \/>\n<br \/><a href=\"https:\/\/www.rp.pl\/forum-ekonomiczne\/art41011811-regionalna-polityka-zagraniczna-europy\">\u0179r\u00f3d\u0142o<\/a><\/p>\n","protected":false},"excerpt":{"rendered":"<p>Podzia\u0142 ten nie w\u00a0pe\u0142ni jednak odpowiada regionalnie zr\u00f3\u017cnicowanym wyzwaniom, przed kt\u00f3rymi staj\u0105 pa\u0144stwa cz\u0142onkowskie. G\u0142\u00f3wne z\u00a0wyzwa\u0144 dla Europy \u015arodkowo-Wschodniej i\u00a0pa\u0144stw ba\u0142tyckich wynikaj\u0105 z\u00a0ich strategicznego po\u0142o\u017cenia. Ostatnie dwa lata postawi\u0142y przed nami bezprecedensowe wyzwania zwi\u0105zane ze wsp\u00f3lnym bezpiecze\u0144stwem. Trwaj\u0105cy konflikt na Ukrainie oraz narastaj\u0105ce podzia\u0142y geopolityczne podkre\u015blaj\u0105 niepewno\u015b\u0107 naszej sytuacji \u015bwiatowej, co jednocze\u015bnie wyra\u017anie wskazuje na [&hellip;]<\/p>\n","protected":false},"author":1,"featured_media":0,"comment_status":"closed","ping_status":"closed","sticky":false,"template":"","format":"standard","meta":{"footnotes":""},"categories":[1145,1191],"tags":[],"class_list":{"0":"post-12599","1":"post","2":"type-post","3":"status-publish","4":"format-standard","6":"category-politics-fr","7":"category-politics-pl"},"_links":{"self":[{"href":"https:\/\/eunewsroom.com\/pl\/wp-json\/wp\/v2\/posts\/12599","targetHints":{"allow":["GET"]}}],"collection":[{"href":"https:\/\/eunewsroom.com\/pl\/wp-json\/wp\/v2\/posts"}],"about":[{"href":"https:\/\/eunewsroom.com\/pl\/wp-json\/wp\/v2\/types\/post"}],"author":[{"embeddable":true,"href":"https:\/\/eunewsroom.com\/pl\/wp-json\/wp\/v2\/users\/1"}],"replies":[{"embeddable":true,"href":"https:\/\/eunewsroom.com\/pl\/wp-json\/wp\/v2\/comments?post=12599"}],"version-history":[{"count":0,"href":"https:\/\/eunewsroom.com\/pl\/wp-json\/wp\/v2\/posts\/12599\/revisions"}],"wp:attachment":[{"href":"https:\/\/eunewsroom.com\/pl\/wp-json\/wp\/v2\/media?parent=12599"}],"wp:term":[{"taxonomy":"category","embeddable":true,"href":"https:\/\/eunewsroom.com\/pl\/wp-json\/wp\/v2\/categories?post=12599"},{"taxonomy":"post_tag","embeddable":true,"href":"https:\/\/eunewsroom.com\/pl\/wp-json\/wp\/v2\/tags?post=12599"}],"curies":[{"name":"wp","href":"https:\/\/api.w.org\/{rel}","templated":true}]}}