{"id":12598,"date":"2024-08-26T05:40:11","date_gmt":"2024-08-26T05:40:11","guid":{"rendered":"https:\/\/eunewsroom.com\/europejska-stolica-kultury-nie-dla-gdanska\/"},"modified":"2024-08-26T05:40:11","modified_gmt":"2024-08-26T05:40:11","slug":"europejska-stolica-kultury-nie-dla-gdanska","status":"publish","type":"post","link":"https:\/\/eunewsroom.com\/pl\/europejska-stolica-kultury-nie-dla-gdanska\/","title":{"rendered":"Europejska Stolica Kultury (nie) dla Gda\u0144ska?"},"content":{"rendered":"<p> <br \/>\n<\/p>\n<div data-io-article-url=\"https:\/\/www.trojmiasto.pl\/wiadomosci\/Europejska-Stolica-Kultury-nie-dla-Gdanska-n32430.html\" data-controller=\"news--poll-placement ga--news news--copy\" data-action=\"&#10;                click-&gt;ga--news#sendEvent&#10;                copy-&gt;news--copy#copy&#10;                resize@window-&gt;news--poll-placement#place\">\n<div class=\"component photoMarker photoMarker--single photoMarker--fullwidth\">\n            <a href=\"https:\/\/s-trojmiasto.pl\/zdj\/c\/n\/9\/131\/600x0\/131069-Siedzibe-ESK-Gdansk-2016-znajduje-sie-przy-Dlugim-Targu-Ale-nadal-nie-zostala-oznakowana.webp\" target=\"_blank\" data-slide-name=\"22023\" data-lightbox-target=\"photo full\" data-sub-html=\"&lt;h4&gt;Siedzib\u0119 ESK Gda\u0144sk 2016 znajduje si\u0119 przy D\u0142ugim Targu. Ale nadal nie zosta\u0142a oznakowana.&lt;\/h4&gt;&lt;p&gt;fot. \u0141ukasz Unterschuetz\/trojmiasto.pl&lt;\/p&gt;&#10;\" class=\"photoMarker__link\" data-filter-brightness=\"brightness--100\" rel=\"noopener\"><\/p>\n<p>    <img decoding=\"async\" alt=\"Siedzib\u0119 ESK Gda\u0144sk 2016 znajduje si\u0119 przy D\u0142ugim Targu. Ale nadal nie zosta\u0142a oznakowana.\" src=\"https:\/\/s-trojmiasto.pl\/zdj\/c\/n\/9\/131\/553x0\/131068-Siedzibe-ESK-Gdansk-2016-znajduje-sie-przy-Dlugim-Targu-Ale-nadal-nie-zostala.webp\" class=\"photoMarker__bg \"\/><\/p>\n<p>    <img decoding=\"async\" style=\"height:289px; aspect-ratio: 1.91349\/1; filter:brightness(1);\" alt=\"Siedzib\u0119 ESK Gda\u0144sk 2016 znajduje si\u0119 przy D\u0142ugim Targu. Ale nadal nie zosta\u0142a oznakowana.\" src=\"https:\/\/s-trojmiasto.pl\/zdj\/c\/n\/9\/131\/553x0\/131068-Siedzibe-ESK-Gdansk-2016-znajduje-sie-przy-Dlugim-Targu-Ale-nadal-nie-zostala.webp\" class=\"photoMarker__img \" data-slider=\"img\"\/><\/p>\n<p>            <\/a><\/p><\/div>\n<p class=\"lead\">Gda\u0144sk jest jednym z kandydat\u00f3w do presti\u017cowego tytu\u0142u Europejskiej Stolicy Kultury w 2016 roku. Wiadomo, \u017ce jedno polskie miasto zdob\u0119dzie ten tytu\u0142. Czy Gda\u0144sk ma na to realne szanse? Podsumowujemy dotychczasow\u0105 dzia\u0142alno\u015b\u0107 biura Gda\u0144sk 2016. Pokazujemy mocne i s\u0142abe strony kampanii o to zaszczytne miano.<\/p>\n<p>Gda\u0144sk ruszy\u0142 do wy\u015bcigu o tytu\u0142 stolicy kultury na razie tylko z atrakcyjnym has\u0142em &#8222;Wolno\u015b\u0107 kultury, kultura wolno\u015bci&#8221;. Przez najbli\u017cszy rok chce&#8230;<\/p>\n<\/div>\n<p><br \/>\n<br \/><a href=\"https:\/\/www.trojmiasto.pl\/dom\/Europejska-Stolica-Kultury-nie-dla-Gdanska-n32430.html?strona\\u003d3\">\u0179r\u00f3d\u0142o<\/a><\/p>\n","protected":false},"excerpt":{"rendered":"<p>Gda\u0144sk jest jednym z kandydat\u00f3w do presti\u017cowego tytu\u0142u Europejskiej Stolicy Kultury w 2016 roku. Wiadomo, \u017ce jedno polskie miasto zdob\u0119dzie ten tytu\u0142. Czy Gda\u0144sk ma na to realne szanse? Podsumowujemy dotychczasow\u0105 dzia\u0142alno\u015b\u0107 biura Gda\u0144sk 2016. Pokazujemy mocne i s\u0142abe strony kampanii o to zaszczytne miano. Gda\u0144sk ruszy\u0142 do wy\u015bcigu o tytu\u0142 stolicy kultury na razie [&hellip;]<\/p>\n","protected":false},"author":1,"featured_media":0,"comment_status":"closed","ping_status":"closed","sticky":false,"template":"","format":"standard","meta":{"footnotes":""},"categories":[1141,1186],"tags":[],"class_list":{"0":"post-12598","1":"post","2":"type-post","3":"status-publish","4":"format-standard","6":"category-real-estate-fr","7":"category-real-estate-pl"},"_links":{"self":[{"href":"https:\/\/eunewsroom.com\/pl\/wp-json\/wp\/v2\/posts\/12598","targetHints":{"allow":["GET"]}}],"collection":[{"href":"https:\/\/eunewsroom.com\/pl\/wp-json\/wp\/v2\/posts"}],"about":[{"href":"https:\/\/eunewsroom.com\/pl\/wp-json\/wp\/v2\/types\/post"}],"author":[{"embeddable":true,"href":"https:\/\/eunewsroom.com\/pl\/wp-json\/wp\/v2\/users\/1"}],"replies":[{"embeddable":true,"href":"https:\/\/eunewsroom.com\/pl\/wp-json\/wp\/v2\/comments?post=12598"}],"version-history":[{"count":0,"href":"https:\/\/eunewsroom.com\/pl\/wp-json\/wp\/v2\/posts\/12598\/revisions"}],"wp:attachment":[{"href":"https:\/\/eunewsroom.com\/pl\/wp-json\/wp\/v2\/media?parent=12598"}],"wp:term":[{"taxonomy":"category","embeddable":true,"href":"https:\/\/eunewsroom.com\/pl\/wp-json\/wp\/v2\/categories?post=12598"},{"taxonomy":"post_tag","embeddable":true,"href":"https:\/\/eunewsroom.com\/pl\/wp-json\/wp\/v2\/tags?post=12598"}],"curies":[{"name":"wp","href":"https:\/\/api.w.org\/{rel}","templated":true}]}}