{"id":12390,"date":"2024-08-19T06:40:12","date_gmt":"2024-08-19T06:40:12","guid":{"rendered":"https:\/\/eunewsroom.com\/pojazdy-z-roznych-epok-i-kontynentow-w-kolobrzegu-region\/"},"modified":"2024-08-19T06:40:12","modified_gmt":"2024-08-19T06:40:12","slug":"pojazdy-z-roznych-epok-i-kontynentow-w-kolobrzegu-region","status":"publish","type":"post","link":"https:\/\/eunewsroom.com\/pl\/pojazdy-z-roznych-epok-i-kontynentow-w-kolobrzegu-region\/","title":{"rendered":"Pojazdy z r\u00f3\u017cnych epok i kontynent\u00f3w w Ko\u0142obrzegu &#8211; Region"},"content":{"rendered":"<p> <br \/>\n<\/p>\n<div id=\"\">\n<header>\n<\/header>\n<p>Baltic Drive&amp;Fly Festival trwa w Ko\u0142obrzegu. Mo\u017cna zobaczy\u0107 pojazdy z r\u00f3\u017cnych epok i region\u00f3w, w tym ameryka\u0144skie, europejskie oraz z okresu PRL.<\/p>\n<div class=\"txt\">Odb\u0119dzie si\u0119 te\u017c pi\u0105ta runda Grand Prix Polski w wy\u015bcigach na 1\/4 mili. Zg\u0142osi\u0142o si\u0119 prawie sto za\u0142\u00f3g z ca\u0142ej Europy. <\/p>\n<p>Jak m\u00f3wi pomys\u0142odawca festiwalu Marcin Kozak, jest i b\u0119dzie co ogl\u0105da\u0107. &#8211; B\u0119d\u0105 zar\u00f3wno oldtimery, klasyki, samochody po r\u00f3\u017cnych tuningach, jak i najlepsze, najszybsze sportowe typu Lamborghini, McLaren, Ferrari, Puchar Polski Strongmen\u00f3w. Do tego atrakcje&#8230;<\/p>\n<\/div>\n<\/div>\n<p><br \/>\n<br \/><a href=\"https:\/\/radioszczecin.pl\/1,475743,pojazdy-z-roznych-epok-i-kontynentow-w-kolobrzeg\">\u0179r\u00f3d\u0142o<\/a><\/p>\n","protected":false},"excerpt":{"rendered":"<p>Baltic Drive&amp;Fly Festival trwa w Ko\u0142obrzegu. Mo\u017cna zobaczy\u0107 pojazdy z r\u00f3\u017cnych epok i region\u00f3w, w tym ameryka\u0144skie, europejskie oraz z okresu PRL. Odb\u0119dzie si\u0119 te\u017c pi\u0105ta runda Grand Prix Polski w wy\u015bcigach na 1\/4 mili. Zg\u0142osi\u0142o si\u0119 prawie sto za\u0142\u00f3g z ca\u0142ej Europy. Jak m\u00f3wi pomys\u0142odawca festiwalu Marcin Kozak, jest i b\u0119dzie co ogl\u0105da\u0107. &#8211; [&hellip;]<\/p>\n","protected":false},"author":1,"featured_media":0,"comment_status":"closed","ping_status":"closed","sticky":false,"template":"","format":"standard","meta":{"footnotes":""},"categories":[1140,1185],"tags":[],"class_list":{"0":"post-12390","1":"post","2":"type-post","3":"status-publish","4":"format-standard","6":"category-automotive-fr","7":"category-automotive-pl"},"_links":{"self":[{"href":"https:\/\/eunewsroom.com\/pl\/wp-json\/wp\/v2\/posts\/12390","targetHints":{"allow":["GET"]}}],"collection":[{"href":"https:\/\/eunewsroom.com\/pl\/wp-json\/wp\/v2\/posts"}],"about":[{"href":"https:\/\/eunewsroom.com\/pl\/wp-json\/wp\/v2\/types\/post"}],"author":[{"embeddable":true,"href":"https:\/\/eunewsroom.com\/pl\/wp-json\/wp\/v2\/users\/1"}],"replies":[{"embeddable":true,"href":"https:\/\/eunewsroom.com\/pl\/wp-json\/wp\/v2\/comments?post=12390"}],"version-history":[{"count":0,"href":"https:\/\/eunewsroom.com\/pl\/wp-json\/wp\/v2\/posts\/12390\/revisions"}],"wp:attachment":[{"href":"https:\/\/eunewsroom.com\/pl\/wp-json\/wp\/v2\/media?parent=12390"}],"wp:term":[{"taxonomy":"category","embeddable":true,"href":"https:\/\/eunewsroom.com\/pl\/wp-json\/wp\/v2\/categories?post=12390"},{"taxonomy":"post_tag","embeddable":true,"href":"https:\/\/eunewsroom.com\/pl\/wp-json\/wp\/v2\/tags?post=12390"}],"curies":[{"name":"wp","href":"https:\/\/api.w.org\/{rel}","templated":true}]}}