{"id":12389,"date":"2024-08-19T06:20:11","date_gmt":"2024-08-19T06:20:11","guid":{"rendered":"https:\/\/eunewsroom.com\/jak-polska-i-europa-wspiera-ja-wsrod-przedsiebiorcow-www-slaskibiznes-pl\/"},"modified":"2024-08-19T06:20:11","modified_gmt":"2024-08-19T06:20:11","slug":"jak-polska-i-europa-wspiera-ja-wsrod-przedsiebiorcow-www-slaskibiznes-pl","status":"publish","type":"post","link":"https:\/\/eunewsroom.com\/pl\/jak-polska-i-europa-wspiera-ja-wsrod-przedsiebiorcow-www-slaskibiznes-pl\/","title":{"rendered":"jak Polska i Europa wspiera j\u0105 w\u015br\u00f3d przedsi\u0119biorc\u00f3w? \u2022 www.slaskibiznes.pl"},"content":{"rendered":"<p> <br \/>\n<\/p>\n<div>\n<img decoding=\"async\" src=\"https:\/\/www.slaskibiznes.pl\/layout\/default\/dist\/gfx\/logo-ua.png\"\/><\/p>\n<p><strong>Szanowny Czytelniku!<\/strong><\/p>\n<p>Chcemy dostarcza\u0107 Ci coraz lepsze materia\u0142y dziennikarskie i\u00a0udoskonala\u0107 funkcje naszego serwisu. Do tego s\u0105 nam potrzebne Twoje zgody na\u00a0lepsze dopasowanie tre\u015bci marketingowych do\u00a0Twoich potrzeb. Dzi\u0119ki nim mo\u017cemy pozyskiwa\u0107 \u015brodki na\u00a0rozw\u00f3j naszego portalu. Dlatego poni\u017cej przedstawiamy Ci informacje dotycz\u0105ce naszej polityki bezpiecze\u0144stwa i\u00a0przys\u0142uguj\u0105cych ci praw:<\/p>\n<p>25 maja 2018 roku zacz\u0119\u0142o obowi\u0105zywa\u0107 Rozporz\u0105dzenie Parlamentu Europejskiego i\u00a0Rady (UE) 2016\/679 z\u00a0dnia 27 kwietnia 2016 r. w\u00a0sprawie ochrony os\u00f3b fizycznych w\u00a0zwi\u0105zku&#8230;<\/p>\n<\/div>\n<p><br \/>\n<br \/><a href=\"https:\/\/www.slaskibiznes.pl\/wiadomosci,zielona-transformacja-jak-polska-i-europa-wspiera-ja-wsrod-przedsiebiorcow,wia5-1-10539.html\">\u0179r\u00f3d\u0142o<\/a><\/p>\n","protected":false},"excerpt":{"rendered":"<p>Szanowny Czytelniku! Chcemy dostarcza\u0107 Ci coraz lepsze materia\u0142y dziennikarskie i\u00a0udoskonala\u0107 funkcje naszego serwisu. Do tego s\u0105 nam potrzebne Twoje zgody na\u00a0lepsze dopasowanie tre\u015bci marketingowych do\u00a0Twoich potrzeb. Dzi\u0119ki nim mo\u017cemy pozyskiwa\u0107 \u015brodki na\u00a0rozw\u00f3j naszego portalu. Dlatego poni\u017cej przedstawiamy Ci informacje dotycz\u0105ce naszej polityki bezpiecze\u0144stwa i\u00a0przys\u0142uguj\u0105cych ci praw: 25 maja 2018 roku zacz\u0119\u0142o obowi\u0105zywa\u0107 Rozporz\u0105dzenie Parlamentu Europejskiego [&hellip;]<\/p>\n","protected":false},"author":1,"featured_media":0,"comment_status":"closed","ping_status":"closed","sticky":false,"template":"","format":"standard","meta":{"footnotes":""},"categories":[1193,1147],"tags":[],"class_list":{"0":"post-12389","1":"post","2":"type-post","3":"status-publish","4":"format-standard","6":"category-business-pl","7":"category-business-fr"},"_links":{"self":[{"href":"https:\/\/eunewsroom.com\/pl\/wp-json\/wp\/v2\/posts\/12389","targetHints":{"allow":["GET"]}}],"collection":[{"href":"https:\/\/eunewsroom.com\/pl\/wp-json\/wp\/v2\/posts"}],"about":[{"href":"https:\/\/eunewsroom.com\/pl\/wp-json\/wp\/v2\/types\/post"}],"author":[{"embeddable":true,"href":"https:\/\/eunewsroom.com\/pl\/wp-json\/wp\/v2\/users\/1"}],"replies":[{"embeddable":true,"href":"https:\/\/eunewsroom.com\/pl\/wp-json\/wp\/v2\/comments?post=12389"}],"version-history":[{"count":0,"href":"https:\/\/eunewsroom.com\/pl\/wp-json\/wp\/v2\/posts\/12389\/revisions"}],"wp:attachment":[{"href":"https:\/\/eunewsroom.com\/pl\/wp-json\/wp\/v2\/media?parent=12389"}],"wp:term":[{"taxonomy":"category","embeddable":true,"href":"https:\/\/eunewsroom.com\/pl\/wp-json\/wp\/v2\/categories?post=12389"},{"taxonomy":"post_tag","embeddable":true,"href":"https:\/\/eunewsroom.com\/pl\/wp-json\/wp\/v2\/tags?post=12389"}],"curies":[{"name":"wp","href":"https:\/\/api.w.org\/{rel}","templated":true}]}}