{"id":12388,"date":"2024-08-19T06:10:12","date_gmt":"2024-08-19T06:10:12","guid":{"rendered":"https:\/\/eunewsroom.com\/waza-sie-losy-atomu-w-unii-europejskiej-radiomaryja-pl\/"},"modified":"2024-08-19T06:10:12","modified_gmt":"2024-08-19T06:10:12","slug":"waza-sie-losy-atomu-w-unii-europejskiej-radiomaryja-pl","status":"publish","type":"post","link":"https:\/\/eunewsroom.com\/pl\/waza-sie-losy-atomu-w-unii-europejskiej-radiomaryja-pl\/","title":{"rendered":"Wa\u017c\u0105 si\u0119 losy atomu w Unii Europejskiej &#8211; RadioMaryja.pl"},"content":{"rendered":"<p> <br \/>\n<br \/><a href=\"https:\/\/news.google.com\/rss\/articles\/CBMihAFBVV95cUxQaVRhMURGbXJxVUlDZXcwMGUyMHpkblNPN3lLOGwwdmlEZnVJcTYzRUNSWkY3eVp5WThrNk5mbTFGYXVvN19uWnhuVlVJaDkxOGpWdFY0T0VwSm5oZklaSnJyckpnRlgydWVlTTRZZ0dQMDV3TmVyX1ZJOEVfeVhuV1VOdVg?oc=5\" target=\"_blank\" rel=\"noopener\">Wa\u017c\u0105 si\u0119 losy atomu w Unii Europejskiej<\/a>&nbsp;&nbsp;<font color=\"#6f6f6f\">RadioMaryja.pl<\/font><br \/>\n<br \/><br \/>\n<br \/><a href=\"https:\/\/www.radiomaryja.pl\/informacje\/waza-sie-losy-atomu-w-unii-europejskiej\/\">\u0179r\u00f3d\u0142o<\/a><\/p>\n","protected":false},"excerpt":{"rendered":"<p>Wa\u017c\u0105 si\u0119 losy atomu w Unii Europejskiej&nbsp;&nbsp;RadioMaryja.pl \u0179r\u00f3d\u0142o<\/p>\n","protected":false},"author":1,"featured_media":0,"comment_status":"closed","ping_status":"closed","sticky":false,"template":"","format":"standard","meta":{"footnotes":""},"categories":[1192,1146],"tags":[],"class_list":{"0":"post-12388","1":"post","2":"type-post","3":"status-publish","4":"format-standard","6":"category-energy-pl","7":"category-energy-fr"},"_links":{"self":[{"href":"https:\/\/eunewsroom.com\/pl\/wp-json\/wp\/v2\/posts\/12388","targetHints":{"allow":["GET"]}}],"collection":[{"href":"https:\/\/eunewsroom.com\/pl\/wp-json\/wp\/v2\/posts"}],"about":[{"href":"https:\/\/eunewsroom.com\/pl\/wp-json\/wp\/v2\/types\/post"}],"author":[{"embeddable":true,"href":"https:\/\/eunewsroom.com\/pl\/wp-json\/wp\/v2\/users\/1"}],"replies":[{"embeddable":true,"href":"https:\/\/eunewsroom.com\/pl\/wp-json\/wp\/v2\/comments?post=12388"}],"version-history":[{"count":0,"href":"https:\/\/eunewsroom.com\/pl\/wp-json\/wp\/v2\/posts\/12388\/revisions"}],"wp:attachment":[{"href":"https:\/\/eunewsroom.com\/pl\/wp-json\/wp\/v2\/media?parent=12388"}],"wp:term":[{"taxonomy":"category","embeddable":true,"href":"https:\/\/eunewsroom.com\/pl\/wp-json\/wp\/v2\/categories?post=12388"},{"taxonomy":"post_tag","embeddable":true,"href":"https:\/\/eunewsroom.com\/pl\/wp-json\/wp\/v2\/tags?post=12388"}],"curies":[{"name":"wp","href":"https:\/\/api.w.org\/{rel}","templated":true}]}}