{"id":12383,"date":"2024-08-19T05:20:10","date_gmt":"2024-08-19T05:20:10","guid":{"rendered":"https:\/\/eunewsroom.com\/palac-mysliwski-z-xix-w-wystawiony-na-sprzedaz-jedyny-taki-w-europie\/"},"modified":"2024-08-19T05:20:10","modified_gmt":"2024-08-19T05:20:10","slug":"palac-mysliwski-z-xix-w-wystawiony-na-sprzedaz-jedyny-taki-w-europie","status":"publish","type":"post","link":"https:\/\/eunewsroom.com\/pl\/palac-mysliwski-z-xix-w-wystawiony-na-sprzedaz-jedyny-taki-w-europie\/","title":{"rendered":"Pa\u0142ac my\u015bliwski z XIX w. wystawiony na sprzeda\u017c. &#8222;Jedyny taki w Europie&#8221;"},"content":{"rendered":"<p> <br \/>\n<\/p>\n<div data-articlecontent=\"true\">\n<p>Z og\u0142oszenia zamieszczonego na jednym z portali z zabytkowymi nieruchomo\u015bciami dowiadujemy si\u0119, \u017ce <b>pa\u0142ac my\u015bliwski w Mojej Woli<\/b> zosta\u0142 wybudowany w latach 1854-1855. Nawi\u0105zuj\u0105ca do stylu szkockiego rezydencja my\u015bliwska, b\u0119d\u0105ca jedn\u0105 z <b>architektonicznych pere\u0142ek Wielkopolski<\/b>, powsta\u0142a na polecenie\u00a0Wilhelma Augusta von Braunschweig-Oels.\u00a0\u00a0<\/p>\n<p>W niewielkiej odleg\u0142o\u015bci od po\u0142o\u017conego <b>na terenie Parku Krajobrazowego Dolina Baryczy obiektu<\/b> znajduj\u0105 si\u0119 inne zabytki, w tym m.in. pa\u0142ac Radziwi\u0142\u0142\u00f3w w Antoninie, pa\u0142ac Maltzan\u00f3w w Miliczu czy pa\u0142ac w&#8230;<\/p>\n<\/div>\n<p><br \/>\n<br \/><a href=\"https:\/\/biznes.interia.pl\/nieruchomosci\/news-palac-mysliwski-z-xix-w-wystawiony-na-sprzedaz-jedyny-taki-w,nId,7757443\">\u0179r\u00f3d\u0142o<\/a><\/p>\n","protected":false},"excerpt":{"rendered":"<p>Z og\u0142oszenia zamieszczonego na jednym z portali z zabytkowymi nieruchomo\u015bciami dowiadujemy si\u0119, \u017ce pa\u0142ac my\u015bliwski w Mojej Woli zosta\u0142 wybudowany w latach 1854-1855. Nawi\u0105zuj\u0105ca do stylu szkockiego rezydencja my\u015bliwska, b\u0119d\u0105ca jedn\u0105 z architektonicznych pere\u0142ek Wielkopolski, powsta\u0142a na polecenie\u00a0Wilhelma Augusta von Braunschweig-Oels.\u00a0\u00a0 W niewielkiej odleg\u0142o\u015bci od po\u0142o\u017conego na terenie Parku Krajobrazowego Dolina Baryczy obiektu znajduj\u0105 si\u0119 [&hellip;]<\/p>\n","protected":false},"author":1,"featured_media":0,"comment_status":"closed","ping_status":"closed","sticky":false,"template":"","format":"standard","meta":{"footnotes":""},"categories":[1141,1186],"tags":[],"class_list":{"0":"post-12383","1":"post","2":"type-post","3":"status-publish","4":"format-standard","6":"category-real-estate-fr","7":"category-real-estate-pl"},"_links":{"self":[{"href":"https:\/\/eunewsroom.com\/pl\/wp-json\/wp\/v2\/posts\/12383","targetHints":{"allow":["GET"]}}],"collection":[{"href":"https:\/\/eunewsroom.com\/pl\/wp-json\/wp\/v2\/posts"}],"about":[{"href":"https:\/\/eunewsroom.com\/pl\/wp-json\/wp\/v2\/types\/post"}],"author":[{"embeddable":true,"href":"https:\/\/eunewsroom.com\/pl\/wp-json\/wp\/v2\/users\/1"}],"replies":[{"embeddable":true,"href":"https:\/\/eunewsroom.com\/pl\/wp-json\/wp\/v2\/comments?post=12383"}],"version-history":[{"count":0,"href":"https:\/\/eunewsroom.com\/pl\/wp-json\/wp\/v2\/posts\/12383\/revisions"}],"wp:attachment":[{"href":"https:\/\/eunewsroom.com\/pl\/wp-json\/wp\/v2\/media?parent=12383"}],"wp:term":[{"taxonomy":"category","embeddable":true,"href":"https:\/\/eunewsroom.com\/pl\/wp-json\/wp\/v2\/categories?post=12383"},{"taxonomy":"post_tag","embeddable":true,"href":"https:\/\/eunewsroom.com\/pl\/wp-json\/wp\/v2\/tags?post=12383"}],"curies":[{"name":"wp","href":"https:\/\/api.w.org\/{rel}","templated":true}]}}