{"id":12382,"date":"2024-08-19T05:10:11","date_gmt":"2024-08-19T05:10:11","guid":{"rendered":"https:\/\/eunewsroom.com\/sport-w-tv-czwartek-22\/"},"modified":"2024-08-19T05:10:11","modified_gmt":"2024-08-19T05:10:11","slug":"sport-w-tv-czwartek-22","status":"publish","type":"post","link":"https:\/\/eunewsroom.com\/pl\/sport-w-tv-czwartek-22\/","title":{"rendered":"Sport w TV: czwartek 22"},"content":{"rendered":"<p> <br \/>\n<\/p>\n<p>fot. <\/p>\n<div>\n<p><img loading=\"lazy\" loading=\"lazy\" decoding=\"async\" class=\"alignnone size-full wp-image-112075\" src=\"https:\/\/taksiegra.pl\/wp-content\/uploads\/2014\/09\/pi\u0142ka-no\u017cna.png\" alt=\"pilka-nozna\" width=\"620\" height=\"25\"\/><br \/><strong><em>00:00<\/em><\/strong> Copa Libertadores <strong>The Strongest \u2013 Penarol<\/strong><em><i><img decoding=\"async\" src=\"https:\/\/taksiegra.pl\/wp-content\/uploads\/2013\/09\/na-%C5%BCywo.png\" alt=\"na \u017cywo\"\/><\/i><\/em><br \/><a href=\"https:\/\/taksiegra.pl\/platformy-streamingowe\/sts-tv\"><img decoding=\"async\" class=\"alignnone size-full wp-image\" src=\"https:\/\/taksiegra.pl\/wp-content\/uploads\/2024\/05\/ststv-lg.png\" alt=\"platformy-streamingowe\/sts-tv\" width=\"100\"\/><\/a><br \/><em>Stadion: Estadio Hernando Siles, La Paz<br \/><img loading=\"lazy\" loading=\"lazy\" decoding=\"async\" class=\"alignnone size-full wp-image-23615\" src=\"https:\/\/taksiegra.pl\/wp-content\/uploads\/2014\/10\/pasek.png\" sizes=\"auto, (max-width: 620px) 100vw, 620px\" srcset=\"https:\/\/taksiegra.pl\/wp-content\/uploads\/2014\/10\/pasek.png 620w, https:\/\/taksiegra.pl\/wp-content\/uploads\/2014\/10\/pasek-150x1.png 150w, https:\/\/taksiegra.pl\/wp-content\/uploads\/2014\/10\/pasek-250x2.png 250w, https:\/\/taksiegra.pl\/wp-content\/uploads\/2014\/10\/pasek-310x3.png 310w\" alt=\"\" width=\"620\" height=\"6\"\/><br \/><strong><em>02:30<\/em><\/strong> Copa Libertadores <strong>Palmeiras \u2013 Botafogo<\/strong><\/em><em><i><img decoding=\"async\" src=\"https:\/\/taksiegra.pl\/wp-content\/uploads\/2013\/09\/na-%C5%BCywo.png\" alt=\"na \u017cywo\"\/><\/i><\/em><br \/><a href=\"https:\/\/taksiegra.pl\/platformy-streamingowe\/sts-tv\"><img decoding=\"async\" class=\"alignnone size-full wp-image\" src=\"https:\/\/taksiegra.pl\/wp-content\/uploads\/2024\/05\/ststv-lg.png\" alt=\"platformy-streamingowe\/sts-tv\" width=\"100\"\/><\/a><br \/><em>Stadion: Allianz Parque, S\u00e3o Paulo, S\u00e3o Paulo<br \/><img loading=\"lazy\" loading=\"lazy\" decoding=\"async\" class=\"alignnone size-full wp-image-23615\" src=\"https:\/\/taksiegra.pl\/wp-content\/uploads\/2014\/10\/pasek.png\" sizes=\"auto, (max-width: 620px) 100vw, 620px\" srcset=\"https:\/\/taksiegra.pl\/wp-content\/uploads\/2014\/10\/pasek.png 620w, https:\/\/taksiegra.pl\/wp-content\/uploads\/2014\/10\/pasek-150x1.png 150w, https:\/\/taksiegra.pl\/wp-content\/uploads\/2014\/10\/pasek-250x2.png 250w, https:\/\/taksiegra.pl\/wp-content\/uploads\/2014\/10\/pasek-310x3.png 310w\" alt=\"\" width=\"620\" height=\"6\"\/><br \/><strong><em>02:30<\/em><\/strong> Copa Libertadores <strong>River Plate \u2013 Talleres Cordoba<\/strong><\/em><em><i><img decoding=\"async\" src=\"https:\/\/taksiegra.pl\/wp-content\/uploads\/2013\/09\/na-%C5%BCywo.png\" alt=\"na \u017cywo\"\/><\/i><\/em><br \/><a href=\"https:\/\/taksiegra.pl\/platformy-streamingowe\/sts-tv\"><img decoding=\"async\" class=\"alignnone size-full wp-image\" src=\"https:\/\/taksiegra.pl\/wp-content\/uploads\/2024\/05\/ststv-lg.png\" alt=\"platformy-streamingowe\/sts-tv\" width=\"100\"\/><\/a><br \/><em>Stadion: Estadio M\u00e2s Monumental, Capital Federal, Ciudad de Buenos Aires<br \/><img loading=\"lazy\" loading=\"lazy\" decoding=\"async\" class=\"alignnone size-full wp-image-23615\" src=\"https:\/\/taksiegra.pl\/wp-content\/uploads\/2014\/10\/pasek.png\" sizes=\"auto, (max-width: 620px) 100vw, 620px\" srcset=\"https:\/\/taksiegra.pl\/wp-content\/uploads\/2014\/10\/pasek.png 620w, https:\/\/taksiegra.pl\/wp-content\/uploads\/2014\/10\/pasek-150x1.png 150w, https:\/\/taksiegra.pl\/wp-content\/uploads\/2014\/10\/pasek-250x2.png 250w, https:\/\/taksiegra.pl\/wp-content\/uploads\/2014\/10\/pasek-310x3.png 310w\" alt=\"\" width=\"620\" height=\"6\"\/><br \/><strong><em>17:30<\/em><\/strong> 1. Liga Polska <strong>Mied\u017a Legnica \u2013 Znicz Pruszk\u00f3w<\/strong><\/em><em><i><img decoding=\"async\" src=\"https:\/\/taksiegra.pl\/wp-content\/uploads\/2013\/09\/na-%C5%BCywo.png\" alt=\"na \u017cywo\"\/><\/i><\/em><br \/><img decoding=\"async\" class=\"alignnone size-full wp-image\" src=\"https:\/\/taksiegra.pl\/wp-content\/uploads\/2014\/02\/sport.tvp_.pl_.png\" alt=\"sport-tvp-pl\" width=\"100\"\/><br \/><em>Stadion: Stadion im. Or\u0142a Bia\u0142ego, Legnica<br \/><img loading=\"lazy\" loading=\"lazy\" decoding=\"async\" class=\"alignnone size-full wp-image-23615\" src=\"https:\/\/taksiegra.pl\/wp-content\/uploads\/2014\/10\/pasek.png\" sizes=\"auto, (max-width: 620px) 100vw, 620px\" srcset=\"https:\/\/taksiegra.pl\/wp-content\/uploads\/2014\/10\/pasek.png 620w, https:\/\/taksiegra.pl\/wp-content\/uploads\/2014\/10\/pasek-150x1.png 150w, https:\/\/taksiegra.pl\/wp-content\/uploads\/2014\/10\/pasek-250x2.png 250w, https:\/\/taksiegra.pl\/wp-content\/uploads\/2014\/10\/pasek-310x3.png 310w\" alt=\"\" width=\"620\" height=\"6\"\/><br \/><strong><em>18:00<\/em><\/strong> Liga Konferencji Europy <strong>Pyunik \u2013 Celje<\/strong><\/em><em><i><img decoding=\"async\" src=\"https:\/\/taksiegra.pl\/wp-content\/uploads\/2013\/09\/na-%C5%BCywo.png\" alt=\"na \u017cywo\"\/><\/i><\/em><\/p>\n<p><em>Stadion: Vazgen Sargsyan anvan Hanrapetakan Marzadasht, Yerevan<br \/><img loading=\"lazy\" loading=\"lazy\" decoding=\"async\" class=\"alignnone size-full wp-image-23615\" src=\"https:\/\/taksiegra.pl\/wp-content\/uploads\/2014\/10\/pasek.png\" sizes=\"auto, (max-width: 620px) 100vw, 620px\" srcset=\"https:\/\/taksiegra.pl\/wp-content\/uploads\/2014\/10\/pasek.png 620w, https:\/\/taksiegra.pl\/wp-content\/uploads\/2014\/10\/pasek-150x1.png 150w, https:\/\/taksiegra.pl\/wp-content\/uploads\/2014\/10\/pasek-250x2.png 250w, https:\/\/taksiegra.pl\/wp-content\/uploads\/2014\/10\/pasek-310x3.png 310w\" alt=\"\" width=\"620\" height=\"6\"\/><br \/><strong><em>18:00<\/em><\/strong> Liga Konferencji Europy <strong>Legia Warszawa \u2013 Drita<\/strong><\/em><em><i><img decoding=\"async\" src=\"https:\/\/taksiegra.pl\/wp-content\/uploads\/2013\/09\/na-%C5%BCywo.png\" alt=\"na \u017cywo\"\/><\/i><\/em><\/p>\n<p><em>Stadion: Stadion&#8230;<\/em><\/p>\n<\/div>\n<p><br \/>\n<br \/><a href=\"https:\/\/taksiegra.pl\/sport-w-tv-czwartek-22-sierpnia-2024\/\">\u0179r\u00f3d\u0142o<\/a><\/p>\n","protected":false},"excerpt":{"rendered":"<p>fot. 00:00 Copa Libertadores The Strongest \u2013 PenarolStadion: Estadio Hernando Siles, La Paz02:30 Copa Libertadores Palmeiras \u2013 BotafogoStadion: Allianz Parque, S\u00e3o Paulo, S\u00e3o Paulo02:30 Copa Libertadores River Plate \u2013 Talleres CordobaStadion: Estadio M\u00e2s Monumental, Capital Federal, Ciudad de Buenos Aires17:30 1. Liga Polska Mied\u017a Legnica \u2013 Znicz Pruszk\u00f3wStadion: Stadion im. Or\u0142a Bia\u0142ego, Legnica18:00 Liga Konferencji [&hellip;]<\/p>\n","protected":false},"author":1,"featured_media":0,"comment_status":"closed","ping_status":"closed","sticky":false,"template":"","format":"standard","meta":{"footnotes":""},"categories":[1144,1189],"tags":[],"class_list":{"0":"post-12382","1":"post","2":"type-post","3":"status-publish","4":"format-standard","6":"category-sports-fr","7":"category-sports-pl"},"_links":{"self":[{"href":"https:\/\/eunewsroom.com\/pl\/wp-json\/wp\/v2\/posts\/12382","targetHints":{"allow":["GET"]}}],"collection":[{"href":"https:\/\/eunewsroom.com\/pl\/wp-json\/wp\/v2\/posts"}],"about":[{"href":"https:\/\/eunewsroom.com\/pl\/wp-json\/wp\/v2\/types\/post"}],"author":[{"embeddable":true,"href":"https:\/\/eunewsroom.com\/pl\/wp-json\/wp\/v2\/users\/1"}],"replies":[{"embeddable":true,"href":"https:\/\/eunewsroom.com\/pl\/wp-json\/wp\/v2\/comments?post=12382"}],"version-history":[{"count":0,"href":"https:\/\/eunewsroom.com\/pl\/wp-json\/wp\/v2\/posts\/12382\/revisions"}],"wp:attachment":[{"href":"https:\/\/eunewsroom.com\/pl\/wp-json\/wp\/v2\/media?parent=12382"}],"wp:term":[{"taxonomy":"category","embeddable":true,"href":"https:\/\/eunewsroom.com\/pl\/wp-json\/wp\/v2\/categories?post=12382"},{"taxonomy":"post_tag","embeddable":true,"href":"https:\/\/eunewsroom.com\/pl\/wp-json\/wp\/v2\/tags?post=12382"}],"curies":[{"name":"wp","href":"https:\/\/api.w.org\/{rel}","templated":true}]}}