{"id":12071,"date":"2024-08-12T04:10:08","date_gmt":"2024-08-12T04:10:08","guid":{"rendered":"https:\/\/eunewsroom.com\/polka-zadba-w-europie-o-rekomendacje-zywieniowe-rowniez-dla-seniorow-polityka-zdrowotna\/"},"modified":"2024-08-12T04:10:08","modified_gmt":"2024-08-12T04:10:08","slug":"polka-zadba-w-europie-o-rekomendacje-zywieniowe-rowniez-dla-seniorow-polityka-zdrowotna","status":"publish","type":"post","link":"https:\/\/eunewsroom.com\/pl\/polka-zadba-w-europie-o-rekomendacje-zywieniowe-rowniez-dla-seniorow-polityka-zdrowotna\/","title":{"rendered":"Polka zadba w Europie o rekomendacje \u017cywieniowe, r\u00f3wnie\u017c dla senior\u00f3w &#8211; Polityka Zdrowotna"},"content":{"rendered":"<p> <br \/>\n<br \/><a href=\"https:\/\/news.google.com\/rss\/articles\/CBMid0FVX3lxTFBjZEJCTldTd2ZwQlFQVnBYZHExbDUzd3RNekdIN0xaWXJOY04zdkZESHo5SThLbHpLR01CUlVTTmU1NVRuTm1DbXNCbGw0VUZkWmw1Q05qVnBZRk16ck00bjRsS0tFYnpxbVh4Mkxfck12TzNTZGJv?oc=5\" target=\"_blank\" rel=\"noopener\">Polka zadba w Europie o rekomendacje \u017cywieniowe, r\u00f3wnie\u017c dla senior\u00f3w<\/a>&nbsp;&nbsp;<font color=\"#6f6f6f\">Polityka Zdrowotna<\/font><br \/>\n<br \/><br \/>\n<br \/><a href=\"https:\/\/news.google.com\/rss\/articles\/CBMid0FVX3lxTFBjZEJCTldTd2ZwQlFQVnBYZHExbDUzd3RNekdIN0xaWXJOY04zdkZESHo5SThLbHpLR01CUlVTTmU1NVRuTm1DbXNCbGw0VUZkWmw1Q05qVnBZRk16ck00bjRsS0tFYnpxbVh4Mkxfck12TzNTZGJv?oc=5\">\u0179r\u00f3d\u0142o<\/a><\/p>\n","protected":false},"excerpt":{"rendered":"<p>Polka zadba w Europie o rekomendacje \u017cywieniowe, r\u00f3wnie\u017c dla senior\u00f3w&nbsp;&nbsp;Polityka Zdrowotna \u0179r\u00f3d\u0142o<\/p>\n","protected":false},"author":1,"featured_media":0,"comment_status":"closed","ping_status":"closed","sticky":false,"template":"","format":"standard","meta":{"footnotes":""},"categories":[1184,1139],"tags":[],"class_list":{"0":"post-12071","1":"post","2":"type-post","3":"status-publish","4":"format-standard","6":"category-healthcare-pl","7":"category-healthcare-fr"},"_links":{"self":[{"href":"https:\/\/eunewsroom.com\/pl\/wp-json\/wp\/v2\/posts\/12071","targetHints":{"allow":["GET"]}}],"collection":[{"href":"https:\/\/eunewsroom.com\/pl\/wp-json\/wp\/v2\/posts"}],"about":[{"href":"https:\/\/eunewsroom.com\/pl\/wp-json\/wp\/v2\/types\/post"}],"author":[{"embeddable":true,"href":"https:\/\/eunewsroom.com\/pl\/wp-json\/wp\/v2\/users\/1"}],"replies":[{"embeddable":true,"href":"https:\/\/eunewsroom.com\/pl\/wp-json\/wp\/v2\/comments?post=12071"}],"version-history":[{"count":0,"href":"https:\/\/eunewsroom.com\/pl\/wp-json\/wp\/v2\/posts\/12071\/revisions"}],"wp:attachment":[{"href":"https:\/\/eunewsroom.com\/pl\/wp-json\/wp\/v2\/media?parent=12071"}],"wp:term":[{"taxonomy":"category","embeddable":true,"href":"https:\/\/eunewsroom.com\/pl\/wp-json\/wp\/v2\/categories?post=12071"},{"taxonomy":"post_tag","embeddable":true,"href":"https:\/\/eunewsroom.com\/pl\/wp-json\/wp\/v2\/tags?post=12071"}],"curies":[{"name":"wp","href":"https:\/\/api.w.org\/{rel}","templated":true}]}}