{"id":12068,"date":"2024-08-12T03:40:12","date_gmt":"2024-08-12T03:40:12","guid":{"rendered":"https:\/\/eunewsroom.com\/europa-czeka-na-gospodarczy-szok-powrot-trumpa-bylby-powaznym-problemem-forsal-pl\/"},"modified":"2024-08-12T03:40:12","modified_gmt":"2024-08-12T03:40:12","slug":"europa-czeka-na-gospodarczy-szok-powrot-trumpa-bylby-powaznym-problemem-forsal-pl","status":"publish","type":"post","link":"https:\/\/eunewsroom.com\/pl\/europa-czeka-na-gospodarczy-szok-powrot-trumpa-bylby-powaznym-problemem-forsal-pl\/","title":{"rendered":"Europa czeka na gospodarczy szok? Powr\u00f3t Trumpa by\u0142by \u201epowa\u017cnym problemem\u201d &#8211; Forsal.pl"},"content":{"rendered":"<p> <br \/>\n<br \/><a href=\"https:\/\/news.google.com\/rss\/articles\/CBMitAFBVV95cUxPTmV2ZEJQMGkyY0tsQ1lGb0pVOG5PYXpuSWJJd0cwcnJoZm5TTUl1ZlBLQ0ZkaF82a21EbHlNbHJpeFd6azBZYmtXODRQbGNnWmZJLUNENEdRZGdmendWcUlXZTE4bFFiQXpWQW1yTnVzVFh5d0VQSmJOcDNRX0xhUWhTRlBEXzJVc2FUeUtCbkR5U1d2aDBUa0VtX2hXZXFiZ1czZVE5cnU0YlJENkE1aWpHV3A?oc=5\" target=\"_blank\" rel=\"noopener\">Europa czeka na gospodarczy szok? Powr\u00f3t Trumpa by\u0142by \u201epowa\u017cnym problemem\u201d<\/a>&nbsp;&nbsp;<font color=\"#6f6f6f\">Forsal.pl<\/font><br \/>\n<br \/><br \/>\n<br \/><a href=\"https:\/\/news.google.com\/rss\/articles\/CBMitAFBVV95cUxPTmV2ZEJQMGkyY0tsQ1lGb0pVOG5PYXpuSWJJd0cwcnJoZm5TTUl1ZlBLQ0ZkaF82a21EbHlNbHJpeFd6azBZYmtXODRQbGNnWmZJLUNENEdRZGdmendWcUlXZTE4bFFiQXpWQW1yTnVzVFh5d0VQSmJOcDNRX0xhUWhTRlBEXzJVc2FUeUtCbkR5U1d2aDBUa0VtX2hXZXFiZ1czZVE5cnU0YlJENkE1aWpHV3A?oc=5\">\u0179r\u00f3d\u0142o<\/a><\/p>\n","protected":false},"excerpt":{"rendered":"<p>Europa czeka na gospodarczy szok? Powr\u00f3t Trumpa by\u0142by \u201epowa\u017cnym problemem\u201d&nbsp;&nbsp;Forsal.pl \u0179r\u00f3d\u0142o<\/p>\n","protected":false},"author":1,"featured_media":0,"comment_status":"closed","ping_status":"closed","sticky":false,"template":"","format":"standard","meta":{"footnotes":""},"categories":[1141,1186],"tags":[],"class_list":{"0":"post-12068","1":"post","2":"type-post","3":"status-publish","4":"format-standard","6":"category-real-estate-fr","7":"category-real-estate-pl"},"_links":{"self":[{"href":"https:\/\/eunewsroom.com\/pl\/wp-json\/wp\/v2\/posts\/12068","targetHints":{"allow":["GET"]}}],"collection":[{"href":"https:\/\/eunewsroom.com\/pl\/wp-json\/wp\/v2\/posts"}],"about":[{"href":"https:\/\/eunewsroom.com\/pl\/wp-json\/wp\/v2\/types\/post"}],"author":[{"embeddable":true,"href":"https:\/\/eunewsroom.com\/pl\/wp-json\/wp\/v2\/users\/1"}],"replies":[{"embeddable":true,"href":"https:\/\/eunewsroom.com\/pl\/wp-json\/wp\/v2\/comments?post=12068"}],"version-history":[{"count":0,"href":"https:\/\/eunewsroom.com\/pl\/wp-json\/wp\/v2\/posts\/12068\/revisions"}],"wp:attachment":[{"href":"https:\/\/eunewsroom.com\/pl\/wp-json\/wp\/v2\/media?parent=12068"}],"wp:term":[{"taxonomy":"category","embeddable":true,"href":"https:\/\/eunewsroom.com\/pl\/wp-json\/wp\/v2\/categories?post=12068"},{"taxonomy":"post_tag","embeddable":true,"href":"https:\/\/eunewsroom.com\/pl\/wp-json\/wp\/v2\/tags?post=12068"}],"curies":[{"name":"wp","href":"https:\/\/api.w.org\/{rel}","templated":true}]}}