{"id":12067,"date":"2024-08-12T03:30:21","date_gmt":"2024-08-12T03:30:21","guid":{"rendered":"https:\/\/eunewsroom.com\/dlaczego-europejska-pilka-nozna-zawitala-tego-lata-do-ameryki-i-co-bedzie-dalej-flexx-pl\/"},"modified":"2024-08-12T03:30:21","modified_gmt":"2024-08-12T03:30:21","slug":"dlaczego-europejska-pilka-nozna-zawitala-tego-lata-do-ameryki-i-co-bedzie-dalej-flexx-pl","status":"publish","type":"post","link":"https:\/\/eunewsroom.com\/pl\/dlaczego-europejska-pilka-nozna-zawitala-tego-lata-do-ameryki-i-co-bedzie-dalej-flexx-pl\/","title":{"rendered":"Dlaczego europejska pi\u0142ka no\u017cna zawita\u0142a tego lata do Ameryki i co b\u0119dzie dalej &#8211; flexx.pl"},"content":{"rendered":"<p> <br \/>\n<br \/><a href=\"https:\/\/news.google.com\/rss\/articles\/CBMiswFBVV95cUxOVC1lS1ZUZmptMnJoVVotbUs3a1E0aWRUOHNsMVh1OTRiQUZ2R3AtMEFzWWl4LWdITHdDQUNlRHRGalVqVEpmaVhTeGY5SFpJd1Npd3haRGJ5WFRSbzFJWFl5NXBMSGhiWHJWYTk5SWRhME1DaWIyemNoc3huRnN2MnV3d1AzNkI5R1o5d0pUVXN6MTE4OWs2ZWp0M0dQbkJIb1pDNjV6X0h2YVlnU3Y2YlNodw?oc=5\" target=\"_blank\" rel=\"noopener\">Dlaczego europejska pi\u0142ka no\u017cna zawita\u0142a tego lata do Ameryki i co b\u0119dzie dalej<\/a>&nbsp;&nbsp;<font color=\"#6f6f6f\">flexx.pl<\/font><br \/>\n<br \/><br \/>\n<br \/><a href=\"https:\/\/news.google.com\/rss\/articles\/CBMiswFBVV95cUxOVC1lS1ZUZmptMnJoVVotbUs3a1E0aWRUOHNsMVh1OTRiQUZ2R3AtMEFzWWl4LWdITHdDQUNlRHRGalVqVEpmaVhTeGY5SFpJd1Npd3haRGJ5WFRSbzFJWFl5NXBMSGhiWHJWYTk5SWRhME1DaWIyemNoc3huRnN2MnV3d1AzNkI5R1o5d0pUVXN6MTE4OWs2ZWp0M0dQbkJIb1pDNjV6X0h2YVlnU3Y2YlNodw?oc=5\">\u0179r\u00f3d\u0142o<\/a><\/p>\n","protected":false},"excerpt":{"rendered":"<p>Dlaczego europejska pi\u0142ka no\u017cna zawita\u0142a tego lata do Ameryki i co b\u0119dzie dalej&nbsp;&nbsp;flexx.pl \u0179r\u00f3d\u0142o<\/p>\n","protected":false},"author":1,"featured_media":0,"comment_status":"closed","ping_status":"closed","sticky":false,"template":"","format":"standard","meta":{"footnotes":""},"categories":[1144,1189],"tags":[],"class_list":{"0":"post-12067","1":"post","2":"type-post","3":"status-publish","4":"format-standard","6":"category-sports-fr","7":"category-sports-pl"},"_links":{"self":[{"href":"https:\/\/eunewsroom.com\/pl\/wp-json\/wp\/v2\/posts\/12067","targetHints":{"allow":["GET"]}}],"collection":[{"href":"https:\/\/eunewsroom.com\/pl\/wp-json\/wp\/v2\/posts"}],"about":[{"href":"https:\/\/eunewsroom.com\/pl\/wp-json\/wp\/v2\/types\/post"}],"author":[{"embeddable":true,"href":"https:\/\/eunewsroom.com\/pl\/wp-json\/wp\/v2\/users\/1"}],"replies":[{"embeddable":true,"href":"https:\/\/eunewsroom.com\/pl\/wp-json\/wp\/v2\/comments?post=12067"}],"version-history":[{"count":0,"href":"https:\/\/eunewsroom.com\/pl\/wp-json\/wp\/v2\/posts\/12067\/revisions"}],"wp:attachment":[{"href":"https:\/\/eunewsroom.com\/pl\/wp-json\/wp\/v2\/media?parent=12067"}],"wp:term":[{"taxonomy":"category","embeddable":true,"href":"https:\/\/eunewsroom.com\/pl\/wp-json\/wp\/v2\/categories?post=12067"},{"taxonomy":"post_tag","embeddable":true,"href":"https:\/\/eunewsroom.com\/pl\/wp-json\/wp\/v2\/tags?post=12067"}],"curies":[{"name":"wp","href":"https:\/\/api.w.org\/{rel}","templated":true}]}}