{"id":11799,"date":"2024-08-05T04:40:07","date_gmt":"2024-08-05T04:40:07","guid":{"rendered":"https:\/\/eunewsroom.com\/jedziesz-na-wakacje-w-tych-krajach-ue-za-zlamanie-przepisow-stracisz-auto-tvn24\/"},"modified":"2024-08-05T04:40:07","modified_gmt":"2024-08-05T04:40:07","slug":"jedziesz-na-wakacje-w-tych-krajach-ue-za-zlamanie-przepisow-stracisz-auto-tvn24","status":"publish","type":"post","link":"https:\/\/eunewsroom.com\/pl\/jedziesz-na-wakacje-w-tych-krajach-ue-za-zlamanie-przepisow-stracisz-auto-tvn24\/","title":{"rendered":"Jedziesz na wakacje? W tych krajach UE za z\u0142amanie przepis\u00f3w stracisz auto &#8211; TVN24"},"content":{"rendered":"<p> <br \/>\n<br \/><a href=\"https:\/\/news.google.com\/rss\/articles\/CBMiwgFBVV95cUxPSERJNXR2YThUSWFXdXNiWVFNLVZ2c2Z0S3Zsc21lN2xJcWxBeUlrU0sxSzNiU3gxeVd3b3l4TkIxT3NlVW9nMWMxeU1FWXFLcThtNENNaWcwTTZYSWYyTlpvTFNJeXh2MW5uUUxHam9waDdIZDk1YjFCdEh3QzJqZl9jZHgyRHRxN1dfamFrU3FFb1ZmMVpSY3Z4TlhPeWFvWUNLdGx2aVlPX0Z5YjlYdkZKUmxCR0JLczVfaVNQbzY3QQ?oc=5\" target=\"_blank\" rel=\"noopener\">Jedziesz na wakacje? W tych krajach UE za z\u0142amanie przepis\u00f3w stracisz auto<\/a>&nbsp;&nbsp;<font color=\"#6f6f6f\">TVN24<\/font><br \/>\n<br \/><br \/>\n<br \/><a href=\"https:\/\/news.google.com\/rss\/articles\/CBMiwgFBVV95cUxPSERJNXR2YThUSWFXdXNiWVFNLVZ2c2Z0S3Zsc21lN2xJcWxBeUlrU0sxSzNiU3gxeVd3b3l4TkIxT3NlVW9nMWMxeU1FWXFLcThtNENNaWcwTTZYSWYyTlpvTFNJeXh2MW5uUUxHam9waDdIZDk1YjFCdEh3QzJqZl9jZHgyRHRxN1dfamFrU3FFb1ZmMVpSY3Z4TlhPeWFvWUNLdGx2aVlPX0Z5YjlYdkZKUmxCR0JLczVfaVNQbzY3QQ?oc=5\">\u0179r\u00f3d\u0142o<\/a><\/p>\n","protected":false},"excerpt":{"rendered":"<p>Jedziesz na wakacje? W tych krajach UE za z\u0142amanie przepis\u00f3w stracisz auto&nbsp;&nbsp;TVN24 \u0179r\u00f3d\u0142o<\/p>\n","protected":false},"author":1,"featured_media":0,"comment_status":"closed","ping_status":"closed","sticky":false,"template":"","format":"standard","meta":{"footnotes":""},"categories":[1140,1185],"tags":[],"class_list":{"0":"post-11799","1":"post","2":"type-post","3":"status-publish","4":"format-standard","6":"category-automotive-fr","7":"category-automotive-pl"},"_links":{"self":[{"href":"https:\/\/eunewsroom.com\/pl\/wp-json\/wp\/v2\/posts\/11799","targetHints":{"allow":["GET"]}}],"collection":[{"href":"https:\/\/eunewsroom.com\/pl\/wp-json\/wp\/v2\/posts"}],"about":[{"href":"https:\/\/eunewsroom.com\/pl\/wp-json\/wp\/v2\/types\/post"}],"author":[{"embeddable":true,"href":"https:\/\/eunewsroom.com\/pl\/wp-json\/wp\/v2\/users\/1"}],"replies":[{"embeddable":true,"href":"https:\/\/eunewsroom.com\/pl\/wp-json\/wp\/v2\/comments?post=11799"}],"version-history":[{"count":0,"href":"https:\/\/eunewsroom.com\/pl\/wp-json\/wp\/v2\/posts\/11799\/revisions"}],"wp:attachment":[{"href":"https:\/\/eunewsroom.com\/pl\/wp-json\/wp\/v2\/media?parent=11799"}],"wp:term":[{"taxonomy":"category","embeddable":true,"href":"https:\/\/eunewsroom.com\/pl\/wp-json\/wp\/v2\/categories?post=11799"},{"taxonomy":"post_tag","embeddable":true,"href":"https:\/\/eunewsroom.com\/pl\/wp-json\/wp\/v2\/tags?post=11799"}],"curies":[{"name":"wp","href":"https:\/\/api.w.org\/{rel}","templated":true}]}}