{"id":11798,"date":"2024-08-05T04:20:08","date_gmt":"2024-08-05T04:20:08","guid":{"rendered":"https:\/\/eunewsroom.com\/tscm-ruszy-wkrotce-z-budowa-swojej-europejskiej-fabryki-chipow-computerworld\/"},"modified":"2024-08-05T04:20:08","modified_gmt":"2024-08-05T04:20:08","slug":"tscm-ruszy-wkrotce-z-budowa-swojej-europejskiej-fabryki-chipow-computerworld","status":"publish","type":"post","link":"https:\/\/eunewsroom.com\/pl\/tscm-ruszy-wkrotce-z-budowa-swojej-europejskiej-fabryki-chipow-computerworld\/","title":{"rendered":"TSCM ruszy wkr\u00f3tce z budow\u0105 swojej europejskiej fabryki chip\u00f3w &#8211; Computerworld"},"content":{"rendered":"<p> <br \/>\n<br \/><a href=\"https:\/\/news.google.com\/rss\/articles\/CBMirAFBVV95cUxNdDZtaEF1RVQ2aFBrczBSdmgyU2VoalNncDhtcjNMdDdmN0NWNFU2RERERkRUa2ZRSVMwT2VkLXFoWWQxb2ZpeEJQODFEQVA4WWVxZjZIVzNvRDlxaXlwd0cwNzNlZUp4TEExb04tZ1FHNV8ycGxicU9HY2Q3NkRoRVgwREl5RFVrUm9nNzlaVDgwS01aS3VKcGc5RTBqRWFaVTZUOTFmX1E2N3VP0gG0AUFVX3lxTE03RVZEM012bkdvMGkyWUtmazZfcjNCQWtxM2sweVRWSGV5UWJWUFF0VmktTHh6WXIwN19KWkNGdGNicXYyZ1JuX0F0bXBHZjYxR3FVVVRUbVhZQnktZmtRd3BrYWdaMi00SXdwQ0xvdkVZdlJmeGtOTExtajhvRVR5UHJEbzZvcHJJYjk0Wk1IWENUTjJnU1pMRHVlS3E0VE0wVFBPaE5SVjhNYzF5dHB4SzRtTg?oc=5\" target=\"_blank\" rel=\"noopener\">TSCM ruszy wkr\u00f3tce z budow\u0105 swojej europejskiej fabryki chip\u00f3w<\/a>&nbsp;&nbsp;<font color=\"#6f6f6f\">Computerworld<\/font><br \/>\n<br \/><br \/>\n<br \/><a href=\"https:\/\/news.google.com\/rss\/articles\/CBMirAFBVV95cUxNdDZtaEF1RVQ2aFBrczBSdmgyU2VoalNncDhtcjNMdDdmN0NWNFU2RERERkRUa2ZRSVMwT2VkLXFoWWQxb2ZpeEJQODFEQVA4WWVxZjZIVzNvRDlxaXlwd0cwNzNlZUp4TEExb04tZ1FHNV8ycGxicU9HY2Q3NkRoRVgwREl5RFVrUm9nNzlaVDgwS01aS3VKcGc5RTBqRWFaVTZUOTFmX1E2N3VP0gG0AUFVX3lxTE03RVZEM012bkdvMGkyWUtmazZfcjNCQWtxM2sweVRWSGV5UWJWUFF0VmktTHh6WXIwN19KWkNGdGNicXYyZ1JuX0F0bXBHZjYxR3FVVVRUbVhZQnktZmtRd3BrYWdaMi00SXdwQ0xvdkVZdlJmeGtOTExtajhvRVR5UHJEbzZvcHJJYjk0Wk1IWENUTjJnU1pMRHVlS3E0VE0wVFBPaE5SVjhNYzF5dHB4SzRtTg?oc=5\">\u0179r\u00f3d\u0142o<\/a><\/p>\n","protected":false},"excerpt":{"rendered":"<p>TSCM ruszy wkr\u00f3tce z budow\u0105 swojej europejskiej fabryki chip\u00f3w&nbsp;&nbsp;Computerworld \u0179r\u00f3d\u0142o<\/p>\n","protected":false},"author":1,"featured_media":0,"comment_status":"closed","ping_status":"closed","sticky":false,"template":"","format":"standard","meta":{"footnotes":""},"categories":[1193,1147],"tags":[],"class_list":{"0":"post-11798","1":"post","2":"type-post","3":"status-publish","4":"format-standard","6":"category-business-pl","7":"category-business-fr"},"_links":{"self":[{"href":"https:\/\/eunewsroom.com\/pl\/wp-json\/wp\/v2\/posts\/11798","targetHints":{"allow":["GET"]}}],"collection":[{"href":"https:\/\/eunewsroom.com\/pl\/wp-json\/wp\/v2\/posts"}],"about":[{"href":"https:\/\/eunewsroom.com\/pl\/wp-json\/wp\/v2\/types\/post"}],"author":[{"embeddable":true,"href":"https:\/\/eunewsroom.com\/pl\/wp-json\/wp\/v2\/users\/1"}],"replies":[{"embeddable":true,"href":"https:\/\/eunewsroom.com\/pl\/wp-json\/wp\/v2\/comments?post=11798"}],"version-history":[{"count":0,"href":"https:\/\/eunewsroom.com\/pl\/wp-json\/wp\/v2\/posts\/11798\/revisions"}],"wp:attachment":[{"href":"https:\/\/eunewsroom.com\/pl\/wp-json\/wp\/v2\/media?parent=11798"}],"wp:term":[{"taxonomy":"category","embeddable":true,"href":"https:\/\/eunewsroom.com\/pl\/wp-json\/wp\/v2\/categories?post=11798"},{"taxonomy":"post_tag","embeddable":true,"href":"https:\/\/eunewsroom.com\/pl\/wp-json\/wp\/v2\/tags?post=11798"}],"curies":[{"name":"wp","href":"https:\/\/api.w.org\/{rel}","templated":true}]}}