{"id":11795,"date":"2024-08-05T03:50:08","date_gmt":"2024-08-05T03:50:08","guid":{"rendered":"https:\/\/eunewsroom.com\/lewiatan-polska-prezydencja-w-ue-szansa-na-korzystne-zmiany-w-ochronie-zdrowia-prawo-pl\/"},"modified":"2024-08-05T03:50:08","modified_gmt":"2024-08-05T03:50:08","slug":"lewiatan-polska-prezydencja-w-ue-szansa-na-korzystne-zmiany-w-ochronie-zdrowia-prawo-pl","status":"publish","type":"post","link":"https:\/\/eunewsroom.com\/pl\/lewiatan-polska-prezydencja-w-ue-szansa-na-korzystne-zmiany-w-ochronie-zdrowia-prawo-pl\/","title":{"rendered":"Lewiatan: Polska prezydencja w UE szans\u0105 na korzystne zmiany w ochronie zdrowia &#8211; Prawo.pl"},"content":{"rendered":"<p> <br \/>\n<br \/><a href=\"https:\/\/news.google.com\/rss\/articles\/CBMiqgFBVV95cUxNZUZJRnMyUUx5Nm1kU1ZydHVqNWtQZzA0WG9zcjhjZ2pEbElqUmxLd1diNDRKUWZLeDR5RmF4aG93UGR1M2VpdjhLb0NrWkNzaDdHUTNCdk5DZWNfVlE0Y3h0V25DQXVhRWxrajVITTNSQzdnb0VSR3pVakpKNDJubWxpWGsxQUNHd3pVeXBkWUhLOVFQSXNVbEg3OUI4aWtHMHQ1OERsZlJvZw?oc=5\" target=\"_blank\" rel=\"noopener\">Lewiatan: Polska prezydencja w UE szans\u0105 na korzystne zmiany w ochronie zdrowia<\/a>&nbsp;&nbsp;<font color=\"#6f6f6f\">Prawo.pl<\/font><br \/>\n<br \/><br \/>\n<br \/><a href=\"https:\/\/news.google.com\/rss\/articles\/CBMiqgFBVV95cUxNZUZJRnMyUUx5Nm1kU1ZydHVqNWtQZzA0WG9zcjhjZ2pEbElqUmxLd1diNDRKUWZLeDR5RmF4aG93UGR1M2VpdjhLb0NrWkNzaDdHUTNCdk5DZWNfVlE0Y3h0V25DQXVhRWxrajVITTNSQzdnb0VSR3pVakpKNDJubWxpWGsxQUNHd3pVeXBkWUhLOVFQSXNVbEg3OUI4aWtHMHQ1OERsZlJvZw?oc=5\">\u0179r\u00f3d\u0142o<\/a><\/p>\n","protected":false},"excerpt":{"rendered":"<p>Lewiatan: Polska prezydencja w UE szans\u0105 na korzystne zmiany w ochronie zdrowia&nbsp;&nbsp;Prawo.pl \u0179r\u00f3d\u0142o<\/p>\n","protected":false},"author":1,"featured_media":0,"comment_status":"closed","ping_status":"closed","sticky":false,"template":"","format":"standard","meta":{"footnotes":""},"categories":[1184,1139],"tags":[],"class_list":{"0":"post-11795","1":"post","2":"type-post","3":"status-publish","4":"format-standard","6":"category-healthcare-pl","7":"category-healthcare-fr"},"_links":{"self":[{"href":"https:\/\/eunewsroom.com\/pl\/wp-json\/wp\/v2\/posts\/11795","targetHints":{"allow":["GET"]}}],"collection":[{"href":"https:\/\/eunewsroom.com\/pl\/wp-json\/wp\/v2\/posts"}],"about":[{"href":"https:\/\/eunewsroom.com\/pl\/wp-json\/wp\/v2\/types\/post"}],"author":[{"embeddable":true,"href":"https:\/\/eunewsroom.com\/pl\/wp-json\/wp\/v2\/users\/1"}],"replies":[{"embeddable":true,"href":"https:\/\/eunewsroom.com\/pl\/wp-json\/wp\/v2\/comments?post=11795"}],"version-history":[{"count":0,"href":"https:\/\/eunewsroom.com\/pl\/wp-json\/wp\/v2\/posts\/11795\/revisions"}],"wp:attachment":[{"href":"https:\/\/eunewsroom.com\/pl\/wp-json\/wp\/v2\/media?parent=11795"}],"wp:term":[{"taxonomy":"category","embeddable":true,"href":"https:\/\/eunewsroom.com\/pl\/wp-json\/wp\/v2\/categories?post=11795"},{"taxonomy":"post_tag","embeddable":true,"href":"https:\/\/eunewsroom.com\/pl\/wp-json\/wp\/v2\/tags?post=11795"}],"curies":[{"name":"wp","href":"https:\/\/api.w.org\/{rel}","templated":true}]}}