{"id":11789,"date":"2024-08-05T02:50:08","date_gmt":"2024-08-05T02:50:08","guid":{"rendered":"https:\/\/eunewsroom.com\/motocyklowy-sposob-na-zycie-i-podroze-po-europie-ale-moze-i-w-karakorum-nowosci-dziennik-torunski\/"},"modified":"2024-08-05T02:50:08","modified_gmt":"2024-08-05T02:50:08","slug":"motocyklowy-sposob-na-zycie-i-podroze-po-europie-ale-moze-i-w-karakorum-nowosci-dziennik-torunski","status":"publish","type":"post","link":"https:\/\/eunewsroom.com\/pl\/motocyklowy-sposob-na-zycie-i-podroze-po-europie-ale-moze-i-w-karakorum-nowosci-dziennik-torunski\/","title":{"rendered":"Motocyklowy spos\u00f3b na \u017cycie i&#8230; podr\u00f3\u017ce. Po Europie, ale mo\u017ce i w Karakorum &#8211; Nowo\u015bci Dziennik Toru\u0144ski"},"content":{"rendered":"<p> <br \/>\n<br \/><a href=\"https:\/\/news.google.com\/rss\/articles\/CBMirgFBVV95cUxNSzdhU180aVFwUUd2cklXQ1RiSG1mcmpCM2NPTmNzVE5PdE1TU01UakRQeC1OLV8xVUdKeURJTXRQVVJvZ1hQTWRNc21uaEItZmEwMW9UVG9GcjJXbDMxYTllbGpqNWFvSmJJeFIxLUpFM01Qd2RxdlYxN1VyNktFTS1PeU1ZTnZYd2lhS3RkdFlweW5NSXZYaWMtb0dDc2liQ2s5SnNiOEVhQy05RWc?oc=5\" target=\"_blank\" rel=\"noopener\">Motocyklowy spos\u00f3b na \u017cycie i&#8230; podr\u00f3\u017ce. Po Europie, ale mo\u017ce i w Karakorum<\/a>&nbsp;&nbsp;<font color=\"#6f6f6f\">Nowo\u015bci Dziennik Toru\u0144ski<\/font><br \/>\n<br \/><br \/>\n<br \/><a href=\"https:\/\/news.google.com\/rss\/articles\/CBMirgFBVV95cUxNSzdhU180aVFwUUd2cklXQ1RiSG1mcmpCM2NPTmNzVE5PdE1TU01UakRQeC1OLV8xVUdKeURJTXRQVVJvZ1hQTWRNc21uaEItZmEwMW9UVG9GcjJXbDMxYTllbGpqNWFvSmJJeFIxLUpFM01Qd2RxdlYxN1VyNktFTS1PeU1ZTnZYd2lhS3RkdFlweW5NSXZYaWMtb0dDc2liQ2s5SnNiOEVhQy05RWc?oc=5\">\u0179r\u00f3d\u0142o<\/a><\/p>\n","protected":false},"excerpt":{"rendered":"<p>Motocyklowy spos\u00f3b na \u017cycie i&#8230; podr\u00f3\u017ce. Po Europie, ale mo\u017ce i w Karakorum&nbsp;&nbsp;Nowo\u015bci Dziennik Toru\u0144ski \u0179r\u00f3d\u0142o<\/p>\n","protected":false},"author":1,"featured_media":0,"comment_status":"closed","ping_status":"closed","sticky":false,"template":"","format":"standard","meta":{"footnotes":""},"categories":[1197,1151],"tags":[],"class_list":{"0":"post-11789","1":"post","2":"type-post","3":"status-publish","4":"format-standard","6":"category-travel-pl","7":"category-travel-fr"},"_links":{"self":[{"href":"https:\/\/eunewsroom.com\/pl\/wp-json\/wp\/v2\/posts\/11789","targetHints":{"allow":["GET"]}}],"collection":[{"href":"https:\/\/eunewsroom.com\/pl\/wp-json\/wp\/v2\/posts"}],"about":[{"href":"https:\/\/eunewsroom.com\/pl\/wp-json\/wp\/v2\/types\/post"}],"author":[{"embeddable":true,"href":"https:\/\/eunewsroom.com\/pl\/wp-json\/wp\/v2\/users\/1"}],"replies":[{"embeddable":true,"href":"https:\/\/eunewsroom.com\/pl\/wp-json\/wp\/v2\/comments?post=11789"}],"version-history":[{"count":0,"href":"https:\/\/eunewsroom.com\/pl\/wp-json\/wp\/v2\/posts\/11789\/revisions"}],"wp:attachment":[{"href":"https:\/\/eunewsroom.com\/pl\/wp-json\/wp\/v2\/media?parent=11789"}],"wp:term":[{"taxonomy":"category","embeddable":true,"href":"https:\/\/eunewsroom.com\/pl\/wp-json\/wp\/v2\/categories?post=11789"},{"taxonomy":"post_tag","embeddable":true,"href":"https:\/\/eunewsroom.com\/pl\/wp-json\/wp\/v2\/tags?post=11789"}],"curies":[{"name":"wp","href":"https:\/\/api.w.org\/{rel}","templated":true}]}}