{"id":11549,"date":"2024-07-29T02:50:09","date_gmt":"2024-07-29T02:50:09","guid":{"rendered":"https:\/\/eunewsroom.com\/ue-ke-polska-jednym-z-krajow-ktore-nie-osiagnely-celow-w-zakresie-recyklingu-odpadow\/"},"modified":"2024-07-29T02:50:09","modified_gmt":"2024-07-29T02:50:09","slug":"ue-ke-polska-jednym-z-krajow-ktore-nie-osiagnely-celow-w-zakresie-recyklingu-odpadow","status":"publish","type":"post","link":"https:\/\/eunewsroom.com\/pl\/ue-ke-polska-jednym-z-krajow-ktore-nie-osiagnely-celow-w-zakresie-recyklingu-odpadow\/","title":{"rendered":"UE. KE: Polska jednym z kraj\u00f3w, kt\u00f3re nie osi\u0105gn\u0119\u0142y cel\u00f3w w zakresie recyklingu odpad\u00f3w"},"content":{"rendered":"<p> <br \/>\n<\/p>\n<div>\n<div class=\"article-element article-element--lead_text\">\n<p class=\"lead-text\">Komisja Europejska wezwa\u0142a w czwartek wszystkie kraje cz\u0142onkowskie do osi\u0105gni\u0119cia cel\u00f3w w zakresie zbierania i\u00a0recyklingu odpad\u00f3w. Polska jest jednym z pa\u0144stw, kt\u00f3rym nie uda\u0142o si\u0119 osi\u0105gn\u0105\u0107 50 procent celu na 2020 roku w zakresie przygotowania do ponownego u\u017cycia i\u00a0recyklingu odpad\u00f3w komunalnych.<\/p>\n<\/div>\n<p><span class=\"placeholder-wrapper\"\/><\/p>\n<div class=\"article-element article-element--paragraph\">\n<p class=\"paragraph\"><span><a href=\"https:\/\/tvn24.pl\/tagi\/komisja-europejska\" target=\"_blank\" data-salt=\"1\" rel=\"noopener\">Komisja Europejska<\/a> podj\u0119\u0142a w czwartek decyzj\u0119 o wszcz\u0119ciu post\u0119powania w sprawie uchybienia zobowi\u0105zaniom pa\u0144stwa cz\u0142onkowskiego wobec wszystkich kraj\u00f3w Unii Europejskiej w zwi\u0105zku z nieosi\u0105gni\u0119ciem przez nie cel\u00f3w w zakresie zbierania i\u00a0<a href=\"https:\/\/tvn24.pl\/tagi\/Odpady\" target=\"_blank\" data-salt=\"1\" rel=\"noopener\">recyklingu odpad\u00f3w<\/a>. KE&#8230;<\/span><\/p>\n<\/div>\n<\/div>\n<p><br \/>\n<br \/><a href=\"https:\/\/tvn24.pl\/biznes\/najnowsze\/ue-ke-polska-jednym-z-krajow-ktore-nie-osiagnely-celow-w-zakresie-recyklingu-odpadow-st8020663\">\u0179r\u00f3d\u0142o<\/a><\/p>\n","protected":false},"excerpt":{"rendered":"<p>Komisja Europejska wezwa\u0142a w czwartek wszystkie kraje cz\u0142onkowskie do osi\u0105gni\u0119cia cel\u00f3w w zakresie zbierania i\u00a0recyklingu odpad\u00f3w. Polska jest jednym z pa\u0144stw, kt\u00f3rym nie uda\u0142o si\u0119 osi\u0105gn\u0105\u0107 50 procent celu na 2020 roku w zakresie przygotowania do ponownego u\u017cycia i\u00a0recyklingu odpad\u00f3w komunalnych. Komisja Europejska podj\u0119\u0142a w czwartek decyzj\u0119 o wszcz\u0119ciu post\u0119powania w sprawie uchybienia zobowi\u0105zaniom pa\u0144stwa [&hellip;]<\/p>\n","protected":false},"author":1,"featured_media":0,"comment_status":"closed","ping_status":"closed","sticky":false,"template":"","format":"standard","meta":{"footnotes":""},"categories":[1193,1147],"tags":[],"class_list":{"0":"post-11549","1":"post","2":"type-post","3":"status-publish","4":"format-standard","6":"category-business-pl","7":"category-business-fr"},"_links":{"self":[{"href":"https:\/\/eunewsroom.com\/pl\/wp-json\/wp\/v2\/posts\/11549","targetHints":{"allow":["GET"]}}],"collection":[{"href":"https:\/\/eunewsroom.com\/pl\/wp-json\/wp\/v2\/posts"}],"about":[{"href":"https:\/\/eunewsroom.com\/pl\/wp-json\/wp\/v2\/types\/post"}],"author":[{"embeddable":true,"href":"https:\/\/eunewsroom.com\/pl\/wp-json\/wp\/v2\/users\/1"}],"replies":[{"embeddable":true,"href":"https:\/\/eunewsroom.com\/pl\/wp-json\/wp\/v2\/comments?post=11549"}],"version-history":[{"count":0,"href":"https:\/\/eunewsroom.com\/pl\/wp-json\/wp\/v2\/posts\/11549\/revisions"}],"wp:attachment":[{"href":"https:\/\/eunewsroom.com\/pl\/wp-json\/wp\/v2\/media?parent=11549"}],"wp:term":[{"taxonomy":"category","embeddable":true,"href":"https:\/\/eunewsroom.com\/pl\/wp-json\/wp\/v2\/categories?post=11549"},{"taxonomy":"post_tag","embeddable":true,"href":"https:\/\/eunewsroom.com\/pl\/wp-json\/wp\/v2\/tags?post=11549"}],"curies":[{"name":"wp","href":"https:\/\/api.w.org\/{rel}","templated":true}]}}