{"id":11543,"date":"2024-07-29T01:50:12","date_gmt":"2024-07-29T01:50:12","guid":{"rendered":"https:\/\/eunewsroom.com\/wyzwania-i-szanse-na-drodze-do-neutralnosci-klimatycznej\/"},"modified":"2024-07-29T01:50:12","modified_gmt":"2024-07-29T01:50:12","slug":"wyzwania-i-szanse-na-drodze-do-neutralnosci-klimatycznej","status":"publish","type":"post","link":"https:\/\/eunewsroom.com\/pl\/wyzwania-i-szanse-na-drodze-do-neutralnosci-klimatycznej\/","title":{"rendered":"wyzwania i szanse na drodze do neutralno\u015bci klimatycznej"},"content":{"rendered":"<p> <br \/>\n<\/p>\n<div>\n<p><strong>Dekarbonizacja sektora nieruchomo\u015bci komercyjnych jest kluczowa dla walki ze zmianami klimatycznymi i osi\u0105gni\u0119cia cel\u00f3w w zakresie zr\u00f3wnowa\u017conego rozwoju, jednak eksperci wskazuj\u0105 na liczne wyzwania stoj\u0105ce na drodze do tego. Wysokie koszty poprawy efektywno\u015bci energetycznej budynk\u00f3w, <\/strong><strong>trudno\u015bci z zakupem energii z odnawialnych \u017ar\u00f3de\u0142,\u00a0 a tak\u017ce w odsprzeda\u017cy energii do sieci, ograniczona dost\u0119pno\u015b\u0107\u00a0 funduszy unijnych na modernizacj\u0119 budynk\u00f3w oraz konieczno\u015b\u0107 skoordynowanych dzia\u0142a\u0144 na poziomie krajowym to tylko niekt\u00f3re z wyzwa\u0144.<\/strong><\/p>\n<p>Paryskie Porozumienie, kt\u00f3re&#8230;<\/p>\n<\/div>\n<p><br \/>\n<br \/><a href=\"https:\/\/ceo.com.pl\/dekarbonizacja-sektora-nieruchomosci-komercyjnych-wyzwania-i-szanse-na-drodze-do-neutralnosci-klimatycznej-69489\/amp\">\u0179r\u00f3d\u0142o<\/a><\/p>\n","protected":false},"excerpt":{"rendered":"<p>Dekarbonizacja sektora nieruchomo\u015bci komercyjnych jest kluczowa dla walki ze zmianami klimatycznymi i osi\u0105gni\u0119cia cel\u00f3w w zakresie zr\u00f3wnowa\u017conego rozwoju, jednak eksperci wskazuj\u0105 na liczne wyzwania stoj\u0105ce na drodze do tego. Wysokie koszty poprawy efektywno\u015bci energetycznej budynk\u00f3w, trudno\u015bci z zakupem energii z odnawialnych \u017ar\u00f3de\u0142,\u00a0 a tak\u017ce w odsprzeda\u017cy energii do sieci, ograniczona dost\u0119pno\u015b\u0107\u00a0 funduszy unijnych na modernizacj\u0119 [&hellip;]<\/p>\n","protected":false},"author":1,"featured_media":0,"comment_status":"closed","ping_status":"closed","sticky":false,"template":"","format":"standard","meta":{"footnotes":""},"categories":[1141,1186],"tags":[],"class_list":{"0":"post-11543","1":"post","2":"type-post","3":"status-publish","4":"format-standard","6":"category-real-estate-fr","7":"category-real-estate-pl"},"_links":{"self":[{"href":"https:\/\/eunewsroom.com\/pl\/wp-json\/wp\/v2\/posts\/11543","targetHints":{"allow":["GET"]}}],"collection":[{"href":"https:\/\/eunewsroom.com\/pl\/wp-json\/wp\/v2\/posts"}],"about":[{"href":"https:\/\/eunewsroom.com\/pl\/wp-json\/wp\/v2\/types\/post"}],"author":[{"embeddable":true,"href":"https:\/\/eunewsroom.com\/pl\/wp-json\/wp\/v2\/users\/1"}],"replies":[{"embeddable":true,"href":"https:\/\/eunewsroom.com\/pl\/wp-json\/wp\/v2\/comments?post=11543"}],"version-history":[{"count":0,"href":"https:\/\/eunewsroom.com\/pl\/wp-json\/wp\/v2\/posts\/11543\/revisions"}],"wp:attachment":[{"href":"https:\/\/eunewsroom.com\/pl\/wp-json\/wp\/v2\/media?parent=11543"}],"wp:term":[{"taxonomy":"category","embeddable":true,"href":"https:\/\/eunewsroom.com\/pl\/wp-json\/wp\/v2\/categories?post=11543"},{"taxonomy":"post_tag","embeddable":true,"href":"https:\/\/eunewsroom.com\/pl\/wp-json\/wp\/v2\/tags?post=11543"}],"curies":[{"name":"wp","href":"https:\/\/api.w.org\/{rel}","templated":true}]}}