{"id":11541,"date":"2024-07-29T01:30:12","date_gmt":"2024-07-29T01:30:12","guid":{"rendered":"https:\/\/eunewsroom.com\/europa-swiatowym-liderem-w-zielonych-dachach-maja-same-zalety\/"},"modified":"2024-07-29T01:30:12","modified_gmt":"2024-07-29T01:30:12","slug":"europa-swiatowym-liderem-w-zielonych-dachach-maja-same-zalety","status":"publish","type":"post","link":"https:\/\/eunewsroom.com\/pl\/europa-swiatowym-liderem-w-zielonych-dachach-maja-same-zalety\/","title":{"rendered":"Europa \u015bwiatowym liderem w zielonych dachach. Maj\u0105 same zalety"},"content":{"rendered":"<p> <br \/>\n<\/p>\n<div>\n<div>\n<p class=\"sc-8998f6ee-0 isMVbt\"><span>Niemcy, Szwajcaria i Skandynawia przeprowadzi\u0142y wi\u0119kszo\u015b\u0107 pionierskich bada\u0144.<\/span><\/p>\n<\/div>\n<div>\n<p class=\"sc-8998f6ee-0 isMVbt\"><span>Wed\u0142ug Niemieckiego Stowarzyszenia Budownictwa Ekologicznego (BuGG), w Niemczech do lat dwudziestych XXI wieku zgromadzono oko\u0142o 3,1 mln kilometr\u00f3w kwadratowych zielonych dach\u00f3w, co stanowi\u0142o zaledwie 8 proc. ca\u0142kowitej powierzchni dach\u00f3w w kraju.<\/span><\/p>\n<\/div>\n<div>\n<p class=\"sc-8998f6ee-0 isMVbt\"><span>Kilka miast, w tym Stuttgart i Kopenhaga, zacz\u0119\u0142o nakazywa\u0107 budowanie zielonych dach\u00f3w dla wi\u0119kszo\u015bci nowych projekt\u00f3w budowlanych. Jednak w 2015 r. Francja sta\u0142a si\u0119 pierwszym krajem, kt\u00f3ry uchwali\u0142 og\u00f3lnokrajowe prawo wymagaj\u0105ce, aby dachy&#8230;<\/span><\/p>\n<\/div>\n<\/div>\n<p><br \/>\n<br \/><a href=\"https:\/\/zielona.interia.pl\/eko-technologie\/news-europa-swiatowym-liderem-w-zielonych-dachach-maja-same-zalety,nId,7651676\">\u0179r\u00f3d\u0142o<\/a><\/p>\n","protected":false},"excerpt":{"rendered":"<p>Niemcy, Szwajcaria i Skandynawia przeprowadzi\u0142y wi\u0119kszo\u015b\u0107 pionierskich bada\u0144. Wed\u0142ug Niemieckiego Stowarzyszenia Budownictwa Ekologicznego (BuGG), w Niemczech do lat dwudziestych XXI wieku zgromadzono oko\u0142o 3,1 mln kilometr\u00f3w kwadratowych zielonych dach\u00f3w, co stanowi\u0142o zaledwie 8 proc. ca\u0142kowitej powierzchni dach\u00f3w w kraju. Kilka miast, w tym Stuttgart i Kopenhaga, zacz\u0119\u0142o nakazywa\u0107 budowanie zielonych dach\u00f3w dla wi\u0119kszo\u015bci nowych projekt\u00f3w [&hellip;]<\/p>\n","protected":false},"author":1,"featured_media":0,"comment_status":"closed","ping_status":"closed","sticky":false,"template":"","format":"standard","meta":{"footnotes":""},"categories":[1187,1142],"tags":[],"class_list":{"0":"post-11541","1":"post","2":"type-post","3":"status-publish","4":"format-standard","6":"category-technology-pl","7":"category-technology-fr"},"_links":{"self":[{"href":"https:\/\/eunewsroom.com\/pl\/wp-json\/wp\/v2\/posts\/11541","targetHints":{"allow":["GET"]}}],"collection":[{"href":"https:\/\/eunewsroom.com\/pl\/wp-json\/wp\/v2\/posts"}],"about":[{"href":"https:\/\/eunewsroom.com\/pl\/wp-json\/wp\/v2\/types\/post"}],"author":[{"embeddable":true,"href":"https:\/\/eunewsroom.com\/pl\/wp-json\/wp\/v2\/users\/1"}],"replies":[{"embeddable":true,"href":"https:\/\/eunewsroom.com\/pl\/wp-json\/wp\/v2\/comments?post=11541"}],"version-history":[{"count":0,"href":"https:\/\/eunewsroom.com\/pl\/wp-json\/wp\/v2\/posts\/11541\/revisions"}],"wp:attachment":[{"href":"https:\/\/eunewsroom.com\/pl\/wp-json\/wp\/v2\/media?parent=11541"}],"wp:term":[{"taxonomy":"category","embeddable":true,"href":"https:\/\/eunewsroom.com\/pl\/wp-json\/wp\/v2\/categories?post=11541"},{"taxonomy":"post_tag","embeddable":true,"href":"https:\/\/eunewsroom.com\/pl\/wp-json\/wp\/v2\/tags?post=11541"}],"curies":[{"name":"wp","href":"https:\/\/api.w.org\/{rel}","templated":true}]}}