{"id":11266,"date":"2024-07-22T02:30:19","date_gmt":"2024-07-22T02:30:19","guid":{"rendered":"https:\/\/eunewsroom.com\/w-brukseli-rzadzi-utopia-klimatyczna\/"},"modified":"2024-07-22T02:30:19","modified_gmt":"2024-07-22T02:30:19","slug":"w-brukseli-rzadzi-utopia-klimatyczna","status":"publish","type":"post","link":"https:\/\/eunewsroom.com\/pl\/w-brukseli-rzadzi-utopia-klimatyczna\/","title":{"rendered":"W Brukseli rz\u0105dzi utopia klimatyczna"},"content":{"rendered":"<p> <br \/>\n<\/p>\n<div id=\"\">\n<p><strong>Unia Europejska ma\u00a0w\u00a0ci\u0105gu zaledwie 15\u00a0lat zmniejszy\u0107 emisje CO2 o\u00a090\u00a0proc. \u2013 to\u00a0nowy cel wybranej w\u00a0czwartek 18\u00a0lipca szefowej Komisji Europejskiej. Dla Polski to\u00a0olbrzymie wyzwanie i\u00a0praktycznie nierealne do\u00a0spe\u0142nienia. Co\u00a0zrobi\u00a0rz\u0105d?<\/strong><\/p>\n<p><strong>Przewodnicz\u0105ca KE\u00a0Ursula von der Leyen<\/strong>, kt\u00f3ra wczoraj zyska\u0142a w\u00a0nowym Europarlamencie zgod\u0119 na\u00a0reelekcj\u0119, zapowiedzia\u0142 w\u00a0sowim przem\u00f3wieniu 90-procentow\u0105 redukcj\u0119 emisji dwutlenku w\u0119gla w\u00a0ca\u0142ej unii w\u00a02040r. I\u00a0wyrazi\u0142a tym samym pogl\u0105dy nie tylko zwolennik\u00f3w przy\u015bpieszenia Zielonego \u0141adu ale te\u017c przede&#8230;<\/p>\n<\/div>\n<p><br \/>\n<br \/><a href=\"https:\/\/wgospodarce.pl\/informacje\/143545-w-brukseli-rzadzi-utopia-klimatyczna\">\u0179r\u00f3d\u0142o<\/a><\/p>\n","protected":false},"excerpt":{"rendered":"<p>Unia Europejska ma\u00a0w\u00a0ci\u0105gu zaledwie 15\u00a0lat zmniejszy\u0107 emisje CO2 o\u00a090\u00a0proc. \u2013 to\u00a0nowy cel wybranej w\u00a0czwartek 18\u00a0lipca szefowej Komisji Europejskiej. Dla Polski to\u00a0olbrzymie wyzwanie i\u00a0praktycznie nierealne do\u00a0spe\u0142nienia. Co\u00a0zrobi\u00a0rz\u0105d? Przewodnicz\u0105ca KE\u00a0Ursula von der Leyen, kt\u00f3ra wczoraj zyska\u0142a w\u00a0nowym Europarlamencie zgod\u0119 na\u00a0reelekcj\u0119, zapowiedzia\u0142 w\u00a0sowim przem\u00f3wieniu 90-procentow\u0105 redukcj\u0119 emisji dwutlenku w\u0119gla w\u00a0ca\u0142ej unii w\u00a02040r. I\u00a0wyrazi\u0142a tym samym pogl\u0105dy nie tylko [&hellip;]<\/p>\n","protected":false},"author":1,"featured_media":0,"comment_status":"closed","ping_status":"closed","sticky":false,"template":"","format":"standard","meta":{"footnotes":""},"categories":[1192,1146],"tags":[],"class_list":{"0":"post-11266","1":"post","2":"type-post","3":"status-publish","4":"format-standard","6":"category-energy-pl","7":"category-energy-fr"},"_links":{"self":[{"href":"https:\/\/eunewsroom.com\/pl\/wp-json\/wp\/v2\/posts\/11266","targetHints":{"allow":["GET"]}}],"collection":[{"href":"https:\/\/eunewsroom.com\/pl\/wp-json\/wp\/v2\/posts"}],"about":[{"href":"https:\/\/eunewsroom.com\/pl\/wp-json\/wp\/v2\/types\/post"}],"author":[{"embeddable":true,"href":"https:\/\/eunewsroom.com\/pl\/wp-json\/wp\/v2\/users\/1"}],"replies":[{"embeddable":true,"href":"https:\/\/eunewsroom.com\/pl\/wp-json\/wp\/v2\/comments?post=11266"}],"version-history":[{"count":0,"href":"https:\/\/eunewsroom.com\/pl\/wp-json\/wp\/v2\/posts\/11266\/revisions"}],"wp:attachment":[{"href":"https:\/\/eunewsroom.com\/pl\/wp-json\/wp\/v2\/media?parent=11266"}],"wp:term":[{"taxonomy":"category","embeddable":true,"href":"https:\/\/eunewsroom.com\/pl\/wp-json\/wp\/v2\/categories?post=11266"},{"taxonomy":"post_tag","embeddable":true,"href":"https:\/\/eunewsroom.com\/pl\/wp-json\/wp\/v2\/tags?post=11266"}],"curies":[{"name":"wp","href":"https:\/\/api.w.org\/{rel}","templated":true}]}}