{"id":11264,"date":"2024-07-22T02:10:12","date_gmt":"2024-07-22T02:10:12","guid":{"rendered":"https:\/\/eunewsroom.com\/liczba-lozek-szpitalnych-w-ue-spadek-o-7-od-2012-r-aktualnie-516-lozek-na-100-tys-osob-niemcy-z-najwieksza-liczba\/"},"modified":"2024-07-22T02:10:12","modified_gmt":"2024-07-22T02:10:12","slug":"liczba-lozek-szpitalnych-w-ue-spadek-o-7-od-2012-r-aktualnie-516-lozek-na-100-tys-osob-niemcy-z-najwieksza-liczba","status":"publish","type":"post","link":"https:\/\/eunewsroom.com\/pl\/liczba-lozek-szpitalnych-w-ue-spadek-o-7-od-2012-r-aktualnie-516-lozek-na-100-tys-osob-niemcy-z-najwieksza-liczba\/","title":{"rendered":"Liczba \u0142\u00f3\u017cek szpitalnych w UE: spadek o 7% od 2012 r., aktualnie 516 \u0142\u00f3\u017cek na 100 tys. os\u00f3b. Niemcy z najwi\u0119ksz\u0105 liczb\u0105"},"content":{"rendered":"<p> <br \/>\n<\/p>\n<div>\n<p class=\"news__lead\">W 2022 r. w Unii Europejskiej\u00a0by\u0142o 2,3 mln \u0142\u00f3\u017cek szpitalnych. W przeliczeniu na 100 tysi\u0119cy Europejczyk\u00f3w przypada\u0142o 516 \u0142\u00f3zek szpitalnych. W skali dekady liczba ta zmniejszy\u0142a si\u0119 o 7%. Polska znajduje si\u0119 w czo\u0142\u00f3wce Europy pod wzgl\u0119dem liczby \u0142\u00f3\u017cek szpitalnych oraz w ogonie je\u015bli chodzi o liczb\u0119 \u0142\u00f3\u017cek do opieki d\u0142ugoterminowej.<\/p>\n<p>Z najnowszych danych eurostatu wynika, \u017ce liczba \u0142\u00f3\u017cek szpitalnych zmniejszy\u0142a si\u0119 o 7% (-171 110 \u0142\u00f3\u017cek) od 2012 r. W odniesieniu do populacji UE, \u015brednio w 2022 r. na 100 tys. os\u00f3b przypada\u0142o 516 \u0142\u00f3\u017cek szpitalnych, podczas&#8230;<\/p>\n<\/div>\n<p><br \/>\n<br \/><a href=\"https:\/\/politykazdrowotna.com\/artykul\/polska-w-czolowce-europy-n1259017\">\u0179r\u00f3d\u0142o<\/a><\/p>\n","protected":false},"excerpt":{"rendered":"<p>W 2022 r. w Unii Europejskiej\u00a0by\u0142o 2,3 mln \u0142\u00f3\u017cek szpitalnych. W przeliczeniu na 100 tysi\u0119cy Europejczyk\u00f3w przypada\u0142o 516 \u0142\u00f3zek szpitalnych. W skali dekady liczba ta zmniejszy\u0142a si\u0119 o 7%. Polska znajduje si\u0119 w czo\u0142\u00f3wce Europy pod wzgl\u0119dem liczby \u0142\u00f3\u017cek szpitalnych oraz w ogonie je\u015bli chodzi o liczb\u0119 \u0142\u00f3\u017cek do opieki d\u0142ugoterminowej. Z najnowszych danych eurostatu [&hellip;]<\/p>\n","protected":false},"author":1,"featured_media":0,"comment_status":"closed","ping_status":"closed","sticky":false,"template":"","format":"standard","meta":{"footnotes":""},"categories":[1184,1139],"tags":[],"class_list":{"0":"post-11264","1":"post","2":"type-post","3":"status-publish","4":"format-standard","6":"category-healthcare-pl","7":"category-healthcare-fr"},"_links":{"self":[{"href":"https:\/\/eunewsroom.com\/pl\/wp-json\/wp\/v2\/posts\/11264","targetHints":{"allow":["GET"]}}],"collection":[{"href":"https:\/\/eunewsroom.com\/pl\/wp-json\/wp\/v2\/posts"}],"about":[{"href":"https:\/\/eunewsroom.com\/pl\/wp-json\/wp\/v2\/types\/post"}],"author":[{"embeddable":true,"href":"https:\/\/eunewsroom.com\/pl\/wp-json\/wp\/v2\/users\/1"}],"replies":[{"embeddable":true,"href":"https:\/\/eunewsroom.com\/pl\/wp-json\/wp\/v2\/comments?post=11264"}],"version-history":[{"count":0,"href":"https:\/\/eunewsroom.com\/pl\/wp-json\/wp\/v2\/posts\/11264\/revisions"}],"wp:attachment":[{"href":"https:\/\/eunewsroom.com\/pl\/wp-json\/wp\/v2\/media?parent=11264"}],"wp:term":[{"taxonomy":"category","embeddable":true,"href":"https:\/\/eunewsroom.com\/pl\/wp-json\/wp\/v2\/categories?post=11264"},{"taxonomy":"post_tag","embeddable":true,"href":"https:\/\/eunewsroom.com\/pl\/wp-json\/wp\/v2\/tags?post=11264"}],"curies":[{"name":"wp","href":"https:\/\/api.w.org\/{rel}","templated":true}]}}