{"id":11263,"date":"2024-07-22T02:00:19","date_gmt":"2024-07-22T02:00:19","guid":{"rendered":"https:\/\/eunewsroom.com\/reelekcja-von-der-leyen-utrwala-zwrot-europy-w-prawo\/"},"modified":"2024-07-22T02:00:19","modified_gmt":"2024-07-22T02:00:19","slug":"reelekcja-von-der-leyen-utrwala-zwrot-europy-w-prawo","status":"publish","type":"post","link":"https:\/\/eunewsroom.com\/pl\/reelekcja-von-der-leyen-utrwala-zwrot-europy-w-prawo\/","title":{"rendered":"Reelekcja von der Leyen utrwala zwrot Europy w prawo"},"content":{"rendered":"<p> <br \/>\n<\/p>\n<div aria-live=\"polite\" aria-atomic=\"true\">\n<p class=\"p4\">Po intensywnej rundzie negocjacji z grupami parlamentarnymi z ca\u0142ego spektrum politycznego, niemiecka konserwatystka Ursula von der Leyen zapewni\u0142a sobie drug\u0105 kadencj\u0119 na stanowisku przewodnicz\u0105cej Komisji Europejskiej. Wygra\u0142a tajne g\u0142osowanie nowo wybranego Parlamentu Europejskiego z 401 g\u0142osami za, znacznie przekraczaj\u0105c wymagan\u0105 wi\u0119kszo\u015b\u0107 360. Inni prezydenci pe\u0142nili t\u0119 funkcj\u0119 przez dwie kadencje przed ni\u0105, ale ona jest pierwsz\u0105, kt\u00f3r\u0105 parlament wybra\u0142 dwukrotnie, a kt\u00f3ra od 2014 r. wybiera, a nie tylko zatwierdza, najwy\u017cszego przyw\u00f3dc\u0119 Unii Europejskiej.<\/p>\n<p...<\/p>\n<\/div>\n<p><br \/>\n<br \/><a href=\"https:\/\/rapduma.pl\/aktualnosci\/reelekcja-von-der-leyen-utrwala-zwrot-europy-w-prawo\/106679\/\">\u0179r\u00f3d\u0142o<\/a><\/p>\n","protected":false},"excerpt":{"rendered":"<p>Po intensywnej rundzie negocjacji z grupami parlamentarnymi z ca\u0142ego spektrum politycznego, niemiecka konserwatystka Ursula von der Leyen zapewni\u0142a sobie drug\u0105 kadencj\u0119 na stanowisku przewodnicz\u0105cej Komisji Europejskiej. Wygra\u0142a tajne g\u0142osowanie nowo wybranego Parlamentu Europejskiego z 401 g\u0142osami za, znacznie przekraczaj\u0105c wymagan\u0105 wi\u0119kszo\u015b\u0107 360. Inni prezydenci pe\u0142nili t\u0119 funkcj\u0119 przez dwie kadencje przed ni\u0105, ale ona jest [&hellip;]<\/p>\n","protected":false},"author":1,"featured_media":0,"comment_status":"closed","ping_status":"closed","sticky":false,"template":"","format":"standard","meta":{"footnotes":""},"categories":[1148,1194],"tags":[],"class_list":{"0":"post-11263","1":"post","2":"type-post","3":"status-publish","4":"format-standard","6":"category-lifestyle-fr","7":"category-lifestyle-pl"},"_links":{"self":[{"href":"https:\/\/eunewsroom.com\/pl\/wp-json\/wp\/v2\/posts\/11263","targetHints":{"allow":["GET"]}}],"collection":[{"href":"https:\/\/eunewsroom.com\/pl\/wp-json\/wp\/v2\/posts"}],"about":[{"href":"https:\/\/eunewsroom.com\/pl\/wp-json\/wp\/v2\/types\/post"}],"author":[{"embeddable":true,"href":"https:\/\/eunewsroom.com\/pl\/wp-json\/wp\/v2\/users\/1"}],"replies":[{"embeddable":true,"href":"https:\/\/eunewsroom.com\/pl\/wp-json\/wp\/v2\/comments?post=11263"}],"version-history":[{"count":0,"href":"https:\/\/eunewsroom.com\/pl\/wp-json\/wp\/v2\/posts\/11263\/revisions"}],"wp:attachment":[{"href":"https:\/\/eunewsroom.com\/pl\/wp-json\/wp\/v2\/media?parent=11263"}],"wp:term":[{"taxonomy":"category","embeddable":true,"href":"https:\/\/eunewsroom.com\/pl\/wp-json\/wp\/v2\/categories?post=11263"},{"taxonomy":"post_tag","embeddable":true,"href":"https:\/\/eunewsroom.com\/pl\/wp-json\/wp\/v2\/tags?post=11263"}],"curies":[{"name":"wp","href":"https:\/\/api.w.org\/{rel}","templated":true}]}}