{"id":11262,"date":"2024-07-22T01:50:11","date_gmt":"2024-07-22T01:50:11","guid":{"rendered":"https:\/\/eunewsroom.com\/nowy-rozdzial-w-stosunkach-z-unia-europejska-euractiv-pl\/"},"modified":"2024-07-22T01:50:11","modified_gmt":"2024-07-22T01:50:11","slug":"nowy-rozdzial-w-stosunkach-z-unia-europejska-euractiv-pl","status":"publish","type":"post","link":"https:\/\/eunewsroom.com\/pl\/nowy-rozdzial-w-stosunkach-z-unia-europejska-euractiv-pl\/","title":{"rendered":"\u201eNowy rozdzia\u0142 w stosunkach\u201d z Uni\u0105 Europejsk\u0105? \u2013 EURACTIV.pl"},"content":{"rendered":"<p> <br \/>\n<\/p>\n<div>\n<h2><b><span data-contrast=\"auto\">4 lipca w Wielkiej Brytanii odby\u0142y si\u0119 przyspieszone wybory parlamentarna. Po czterech kadencjach z w\u0142adz\u0105 po\u017cegnali si\u0119 Konserwaty\u015bci, a nowy rz\u0105d stworzy\u0142a Partia Pracy. Jak ta zmiana wp\u0142ynie na stosunki Wielkiej Brytanii i Unii Europejskiej?<\/span><\/b><span data-ccp-props=\"{&quot;201341983&quot;:0,&quot;335559739&quot;:160,&quot;335559740&quot;:279}\">\u00a0<\/span><\/h2>\n<p>\u00a0<\/p>\n<p><span data-contrast=\"none\">4 lipca, po 14 latach Brytyjczycy zmienili rz\u0105d. W wyborach zwyci\u0119\u017cy\u0142a Partia Pracy, kt\u00f3ra uzyska\u0142a 33,8 proc.\u00a0g\u0142os\u00f3w, co ostatecznie da\u0142o im 412 mandaty. Tym samym ilo\u015b\u0107 pos\u0142\u00f3w tego ugrupowania powi\u0119kszy\u0142a si\u0119 o 211 w stosunku do poprzedniej kadencji. <\/span><span data-ccp-props=\"{&quot;201341983&quot;:0,&quot;335559739&quot;:160,&quot;335559740&quot;:279}\">\u00a0<\/span><\/p>\n<p><span data-contrast=\"none\">Na drugim miejscu znale\u017ali si\u0119&#8230;<\/span><\/p>\n<\/div>\n<p><br \/>\n<br \/><a href=\"https:\/\/www.euractiv.pl\/section\/polityka-zagraniczna-ue\/news\/wielka-brytania-nowy-rozdzial-w-stosunkach-z-unia-europejska\/\">\u0179r\u00f3d\u0142o<\/a><\/p>\n","protected":false},"excerpt":{"rendered":"<p>4 lipca w Wielkiej Brytanii odby\u0142y si\u0119 przyspieszone wybory parlamentarna. Po czterech kadencjach z w\u0142adz\u0105 po\u017cegnali si\u0119 Konserwaty\u015bci, a nowy rz\u0105d stworzy\u0142a Partia Pracy. Jak ta zmiana wp\u0142ynie na stosunki Wielkiej Brytanii i Unii Europejskiej?\u00a0 \u00a0 4 lipca, po 14 latach Brytyjczycy zmienili rz\u0105d. W wyborach zwyci\u0119\u017cy\u0142a Partia Pracy, kt\u00f3ra uzyska\u0142a 33,8 proc.\u00a0g\u0142os\u00f3w, co ostatecznie [&hellip;]<\/p>\n","protected":false},"author":1,"featured_media":0,"comment_status":"closed","ping_status":"closed","sticky":false,"template":"","format":"standard","meta":{"footnotes":""},"categories":[1145,1191],"tags":[],"class_list":{"0":"post-11262","1":"post","2":"type-post","3":"status-publish","4":"format-standard","6":"category-politics-fr","7":"category-politics-pl"},"_links":{"self":[{"href":"https:\/\/eunewsroom.com\/pl\/wp-json\/wp\/v2\/posts\/11262","targetHints":{"allow":["GET"]}}],"collection":[{"href":"https:\/\/eunewsroom.com\/pl\/wp-json\/wp\/v2\/posts"}],"about":[{"href":"https:\/\/eunewsroom.com\/pl\/wp-json\/wp\/v2\/types\/post"}],"author":[{"embeddable":true,"href":"https:\/\/eunewsroom.com\/pl\/wp-json\/wp\/v2\/users\/1"}],"replies":[{"embeddable":true,"href":"https:\/\/eunewsroom.com\/pl\/wp-json\/wp\/v2\/comments?post=11262"}],"version-history":[{"count":0,"href":"https:\/\/eunewsroom.com\/pl\/wp-json\/wp\/v2\/posts\/11262\/revisions"}],"wp:attachment":[{"href":"https:\/\/eunewsroom.com\/pl\/wp-json\/wp\/v2\/media?parent=11262"}],"wp:term":[{"taxonomy":"category","embeddable":true,"href":"https:\/\/eunewsroom.com\/pl\/wp-json\/wp\/v2\/categories?post=11262"},{"taxonomy":"post_tag","embeddable":true,"href":"https:\/\/eunewsroom.com\/pl\/wp-json\/wp\/v2\/tags?post=11262"}],"curies":[{"name":"wp","href":"https:\/\/api.w.org\/{rel}","templated":true}]}}