{"id":11261,"date":"2024-07-22T01:40:12","date_gmt":"2024-07-22T01:40:12","guid":{"rendered":"https:\/\/eunewsroom.com\/kryzys-nieruchomosci-wisi-w-powietrzu-powazne-obawy-organu-unii-europejskiej\/"},"modified":"2024-07-22T01:40:12","modified_gmt":"2024-07-22T01:40:12","slug":"kryzys-nieruchomosci-wisi-w-powietrzu-powazne-obawy-organu-unii-europejskiej","status":"publish","type":"post","link":"https:\/\/eunewsroom.com\/pl\/kryzys-nieruchomosci-wisi-w-powietrzu-powazne-obawy-organu-unii-europejskiej\/","title":{"rendered":"Kryzys nieruchomo\u015bci wisi w powietrzu. Powa\u017cne obawy organu Unii Europejskiej"},"content":{"rendered":"<p> <br \/>\n<\/p>\n<div>\n<ul>&#13;<\/p>\n<li style=\"list-style-type:disc\"><strong>Czy problemy na rynku nieruchomo\u015bci mog\u0105 przenie\u015b\u0107 do sektora finansowego?<\/strong><\/li>\n<p>&#13;<\/p>\n<li style=\"list-style-type:disc\"><strong>Jak powa\u017cne s\u0105 k\u0142opoty na rynku nieruchomo\u015bci w Europie?<\/strong><\/li>\n<p>&#13;\n<\/ul>\n<p>\u00a0<\/p>\n<h2><strong>Zaniepokojenie organu UE o rynek nieruchomo\u015bci komercyjnych<\/strong><\/h2>\n<p>Rynek nieruchomo\u015bci komercyjnych budzi obawy EIOPA, Europejskiego Urz\u0119du Nadzoru Ubezpiecze\u0144 i Pracowniczych Program\u00f3w Emerytalnych. Ten organ Unii Europejskiej dbaj\u0105cy o stabilno\u015b\u0107 finansow\u0105 w sektorze ubezpiecze\u0144 i emerytur, ma <strong>obawy o nieprawid\u0142owo\u015bci w sektorze nieruchomo\u015bci.<\/strong><\/p>\n<p>EIOPA wyrazi\u0142a <strong>zaniepokojenie rozwojem rynku nieruchomo\u015bci <\/strong>w swoim najnowszym raporcie&#8230;<\/p>\n<\/div>\n<p><br \/>\n<br \/><a href=\"https:\/\/www.fxmag.pl\/nieruchomosci\/kryzys-nieruchomosci-wisi-w-powietrzu-powazne-obawy-organu-unii-europejskiej\">\u0179r\u00f3d\u0142o<\/a><\/p>\n","protected":false},"excerpt":{"rendered":"<p>&#13; Czy problemy na rynku nieruchomo\u015bci mog\u0105 przenie\u015b\u0107 do sektora finansowego? &#13; Jak powa\u017cne s\u0105 k\u0142opoty na rynku nieruchomo\u015bci w Europie? &#13; \u00a0 Zaniepokojenie organu UE o rynek nieruchomo\u015bci komercyjnych Rynek nieruchomo\u015bci komercyjnych budzi obawy EIOPA, Europejskiego Urz\u0119du Nadzoru Ubezpiecze\u0144 i Pracowniczych Program\u00f3w Emerytalnych. Ten organ Unii Europejskiej dbaj\u0105cy o stabilno\u015b\u0107 finansow\u0105 w sektorze ubezpiecze\u0144 [&hellip;]<\/p>\n","protected":false},"author":1,"featured_media":0,"comment_status":"closed","ping_status":"closed","sticky":false,"template":"","format":"standard","meta":{"footnotes":""},"categories":[1141,1186],"tags":[],"class_list":{"0":"post-11261","1":"post","2":"type-post","3":"status-publish","4":"format-standard","6":"category-real-estate-fr","7":"category-real-estate-pl"},"_links":{"self":[{"href":"https:\/\/eunewsroom.com\/pl\/wp-json\/wp\/v2\/posts\/11261","targetHints":{"allow":["GET"]}}],"collection":[{"href":"https:\/\/eunewsroom.com\/pl\/wp-json\/wp\/v2\/posts"}],"about":[{"href":"https:\/\/eunewsroom.com\/pl\/wp-json\/wp\/v2\/types\/post"}],"author":[{"embeddable":true,"href":"https:\/\/eunewsroom.com\/pl\/wp-json\/wp\/v2\/users\/1"}],"replies":[{"embeddable":true,"href":"https:\/\/eunewsroom.com\/pl\/wp-json\/wp\/v2\/comments?post=11261"}],"version-history":[{"count":0,"href":"https:\/\/eunewsroom.com\/pl\/wp-json\/wp\/v2\/posts\/11261\/revisions"}],"wp:attachment":[{"href":"https:\/\/eunewsroom.com\/pl\/wp-json\/wp\/v2\/media?parent=11261"}],"wp:term":[{"taxonomy":"category","embeddable":true,"href":"https:\/\/eunewsroom.com\/pl\/wp-json\/wp\/v2\/categories?post=11261"},{"taxonomy":"post_tag","embeddable":true,"href":"https:\/\/eunewsroom.com\/pl\/wp-json\/wp\/v2\/tags?post=11261"}],"curies":[{"name":"wp","href":"https:\/\/api.w.org\/{rel}","templated":true}]}}