{"id":11259,"date":"2024-07-22T01:20:12","date_gmt":"2024-07-22T01:20:12","guid":{"rendered":"https:\/\/eunewsroom.com\/europa-hubem-nowych-technologii-plany-von-der-leyen\/"},"modified":"2024-07-22T01:20:12","modified_gmt":"2024-07-22T01:20:12","slug":"europa-hubem-nowych-technologii-plany-von-der-leyen","status":"publish","type":"post","link":"https:\/\/eunewsroom.com\/pl\/europa-hubem-nowych-technologii-plany-von-der-leyen\/","title":{"rendered":"Europa hubem nowych technologii? Plany von der Leyen"},"content":{"rendered":"<p> <br \/>\n<\/p>\n<div id=\"\">\n<section class=\"block\" style=\"grid-column:span 6;grid-row:span 3;\">\n<header siteservice=\"[object Object]\" data-ssr-key=\"0\" class=\"article-header --theme-cyberdefence24\"> <a href=\"https:\/\/cyberdefence24.pl\/technologie\" target=\"_self\" class=\"text-decoration-none router-link-active\" rel=\"noopener\"><span\/><\/a>   <\/p>\n<div class=\"article-header__wrap\">\n<div class=\"article-header__image\">\n<figure class=\"image-with-caption\">\n<div>\n<div class=\"image-with-caption__image-wrapper\"><img fetchpriority=\"high\" decoding=\"async\" src=\"https:\/\/cdn.defence24.pl\/2024\/07\/18\/800x450px\/mViAndOsSHNPwLq7SO9Nd4XoRmhIw5SEcK52hkNm.07vg.png\" alt=\"Usrusla von der Leyen o planach na kolejn\u0105 kadencj\u0119 w komisji europejskiej\" srcset=\"https:\/\/cdn.defence24.pl\/2024\/07\/18\/800x450px\/mViAndOsSHNPwLq7SO9Nd4XoRmhIw5SEcK52hkNm.07vg.png, https:\/\/cdn.defence24.pl\/2024\/07\/18\/1024x576px\/mViAndOsSHNPwLq7SO9Nd4XoRmhIw5SEcK52hkNm.casq.png 2x\" width=\"800\" height=\"450\" author=\"@vonderleyen \/ X\" fetchpriority=\"high\" class=\"img image-with-caption__image\"\/> <!----> <!----><\/div>\n<p> <!----><\/div><figcaption class=\"image-with-caption__caption\">\n        W trakcie wyst\u0105pienia w Strasburgu szefowa KE przedstawi\u0142a plany na nast\u0119pn\u0105 kadencj\u0119.<br \/>\n       <cite><br \/>Autor. @vonderleyen \/ X<br \/>\n      <\/cite><\/figcaption><\/figure>\n<p> <!----><\/div>\n<\/div>\n<ul class=\"article-share list-inline d-lg-none bg-black mb-0\">\n<li class=\"article-share-item list-inline-item m-0\"><button class=\"share-button btn-link-dark px-0 btn\"><i class=\"share-button__icon icon-facebook --small\"\/> <span class=\"text-ui-x-small text-uppercase mb-0\"><br \/>\n        Facebook<br \/>\n      <\/span><\/button><\/li>\n<li class=\"article-share-item list-inline-item m-0\"><button class=\"share-button btn-link-dark px-0 btn\"><i class=\"share-button__icon icon-twitter --small\"\/> <span class=\"text-ui-x-small text-uppercase mb-0\"><br \/>\n        Twitter<br \/>\n      <\/span><\/button><\/li>\n<li class=\"article-share-item list-inline-item m-0\"><button class=\"share-button btn-link-dark px-0 btn\"><i class=\"share-button__icon icon-linkedin --small\"\/> <span class=\"text-ui-x-small text-uppercase mb-0\"><br \/>\n        LinkedIn<br \/>\n      <\/span><\/button><\/li>\n<li class=\"article-share-item list-inline-item m-0\"><button class=\"share-button btn-link-dark px-0 btn\"><i class=\"share-button__icon icon-link --small\"\/> <span class=\"text-ui-x-small text-uppercase mb-0\"><br \/>\n        Kopiuj link<br \/>\n      <\/span><\/button><\/li>\n<li class=\"article-share-item list-inline-item m-0\"><button class=\"share-button btn-link-dark px-0 btn\"><i class=\"share-button__icon icon-email --small\"\/> <span class=\"text-ui-x-small text-uppercase mb-0\"><br \/>\n        Wy\u015blij email<br \/>\n      <\/span><\/button><\/li>\n<\/ul>\n<div class=\"article-header__lead\">\n<p>Ursula von der Leyen zostaje szefow\u0105 Komisji Europejskiej na drug\u0105 kadencj\u0119. W Strasburgu przedstawi\u0142a swoje plany na nadchodz\u0105ce lata. W\u015br\u00f3d priorytet\u00f3w znalaz\u0142o si\u0119 zwi\u0119kszenie technologicznej konkurencji Europy, rozpowszechnienie sztucznej inteligencji i zwi\u0119kszenie inwestycji w tych dziedzinach&#8230;.<\/p>\n<\/div>\n<\/header>\n<\/section>\n<\/div>\n<p><br \/>\n<br \/><a href=\"https:\/\/cyberdefence24.pl\/technologie\/europa-hubem-nowych-technologii-plany-von-der-leyen\">\u0179r\u00f3d\u0142o<\/a><\/p>\n","protected":false},"excerpt":{"rendered":"<p>W trakcie wyst\u0105pienia w Strasburgu szefowa KE przedstawi\u0142a plany na nast\u0119pn\u0105 kadencj\u0119. Autor. @vonderleyen \/ X Facebook Twitter LinkedIn Kopiuj link Wy\u015blij email Ursula von der Leyen zostaje szefow\u0105 Komisji Europejskiej na drug\u0105 kadencj\u0119. W Strasburgu przedstawi\u0142a swoje plany na nadchodz\u0105ce lata. W\u015br\u00f3d priorytet\u00f3w znalaz\u0142o si\u0119 zwi\u0119kszenie technologicznej konkurencji Europy, rozpowszechnienie sztucznej inteligencji i zwi\u0119kszenie [&hellip;]<\/p>\n","protected":false},"author":1,"featured_media":0,"comment_status":"closed","ping_status":"closed","sticky":false,"template":"","format":"standard","meta":{"footnotes":""},"categories":[1187,1142],"tags":[],"class_list":{"0":"post-11259","1":"post","2":"type-post","3":"status-publish","4":"format-standard","6":"category-technology-pl","7":"category-technology-fr"},"_links":{"self":[{"href":"https:\/\/eunewsroom.com\/pl\/wp-json\/wp\/v2\/posts\/11259","targetHints":{"allow":["GET"]}}],"collection":[{"href":"https:\/\/eunewsroom.com\/pl\/wp-json\/wp\/v2\/posts"}],"about":[{"href":"https:\/\/eunewsroom.com\/pl\/wp-json\/wp\/v2\/types\/post"}],"author":[{"embeddable":true,"href":"https:\/\/eunewsroom.com\/pl\/wp-json\/wp\/v2\/users\/1"}],"replies":[{"embeddable":true,"href":"https:\/\/eunewsroom.com\/pl\/wp-json\/wp\/v2\/comments?post=11259"}],"version-history":[{"count":0,"href":"https:\/\/eunewsroom.com\/pl\/wp-json\/wp\/v2\/posts\/11259\/revisions"}],"wp:attachment":[{"href":"https:\/\/eunewsroom.com\/pl\/wp-json\/wp\/v2\/media?parent=11259"}],"wp:term":[{"taxonomy":"category","embeddable":true,"href":"https:\/\/eunewsroom.com\/pl\/wp-json\/wp\/v2\/categories?post=11259"},{"taxonomy":"post_tag","embeddable":true,"href":"https:\/\/eunewsroom.com\/pl\/wp-json\/wp\/v2\/tags?post=11259"}],"curies":[{"name":"wp","href":"https:\/\/api.w.org\/{rel}","templated":true}]}}