{"id":11258,"date":"2024-07-22T01:10:17","date_gmt":"2024-07-22T01:10:17","guid":{"rendered":"https:\/\/eunewsroom.com\/jedenascie-podrozy-po-europie-ktore-kazdy-powinien-odbyc-w-zyciu\/"},"modified":"2024-07-22T01:10:17","modified_gmt":"2024-07-22T01:10:17","slug":"jedenascie-podrozy-po-europie-ktore-kazdy-powinien-odbyc-w-zyciu","status":"publish","type":"post","link":"https:\/\/eunewsroom.com\/pl\/jedenascie-podrozy-po-europie-ktore-kazdy-powinien-odbyc-w-zyciu\/","title":{"rendered":"Jedena\u015bcie podr\u00f3\u017cy po Europie, kt\u00f3re ka\u017cdy powinien odby\u0107 w \u017cyciu\u00a0"},"content":{"rendered":"<p> <br \/>\n<\/p>\n<div>\n<div class=\"article-element article-element--lead_text\">\n<p class=\"lead-text\">Podr\u00f3\u017c poci\u0105giem ze Stambu\u0142u do Pary\u017ca, \u017ceglowanie \u0142\u00f3dk\u0105 po w\u0142oskim jeziorze Garda czy mo\u017ce przejazd przez malownicze wioski Irlandii? Oto cz\u0119\u015b\u0107 z listy 11 podr\u00f3\u017cy po Europie, kt\u00f3re wed\u0142ug redaktor\u00f3w magazynu podr\u00f3\u017cniczego &#8222;Conde Nast Traveller&#8221; ka\u017cdy powinien cho\u0107 raz odby\u0107 w swoim \u017cyciu. Co jeszcze znalaz\u0142o si\u0119 na ich li\u015bcie?\u00a0\u00a0<\/p>\n<\/div>\n<p><span class=\"placeholder-wrapper\"\/><\/p>\n<div class=\"article-element article-element--paragraph\">\n<p class=\"paragraph\"><span>Opublikowane w lipcu na internetowej stronie magazynu &#8222;Conde Nast Traveller&#8221; zestawienie otwiera Porto. &#8222;By\u0107 mo\u017ce jest ono drugim (pod wzgl\u0119dem wielko\u015bci &#8211; red.) miastem Portugalii, ale pod wzgl\u0119dem autentycznego, staro\u015bwieckiego&#8230;<\/span><\/p>\n<\/div>\n<\/div>\n<p><br \/>\n<br \/><a href=\"https:\/\/tvn24.pl\/ciekawostki\/jedenascie-podrozy-po-europie-ktore-kazdy-powinien-odbyc-w-zyciu-st8007536\">\u0179r\u00f3d\u0142o<\/a><\/p>\n","protected":false},"excerpt":{"rendered":"<p>Podr\u00f3\u017c poci\u0105giem ze Stambu\u0142u do Pary\u017ca, \u017ceglowanie \u0142\u00f3dk\u0105 po w\u0142oskim jeziorze Garda czy mo\u017ce przejazd przez malownicze wioski Irlandii? Oto cz\u0119\u015b\u0107 z listy 11 podr\u00f3\u017cy po Europie, kt\u00f3re wed\u0142ug redaktor\u00f3w magazynu podr\u00f3\u017cniczego &#8222;Conde Nast Traveller&#8221; ka\u017cdy powinien cho\u0107 raz odby\u0107 w swoim \u017cyciu. Co jeszcze znalaz\u0142o si\u0119 na ich li\u015bcie?\u00a0\u00a0 Opublikowane w lipcu na internetowej [&hellip;]<\/p>\n","protected":false},"author":1,"featured_media":0,"comment_status":"closed","ping_status":"closed","sticky":false,"template":"","format":"standard","meta":{"footnotes":""},"categories":[1197,1151],"tags":[],"class_list":{"0":"post-11258","1":"post","2":"type-post","3":"status-publish","4":"format-standard","6":"category-travel-pl","7":"category-travel-fr"},"_links":{"self":[{"href":"https:\/\/eunewsroom.com\/pl\/wp-json\/wp\/v2\/posts\/11258","targetHints":{"allow":["GET"]}}],"collection":[{"href":"https:\/\/eunewsroom.com\/pl\/wp-json\/wp\/v2\/posts"}],"about":[{"href":"https:\/\/eunewsroom.com\/pl\/wp-json\/wp\/v2\/types\/post"}],"author":[{"embeddable":true,"href":"https:\/\/eunewsroom.com\/pl\/wp-json\/wp\/v2\/users\/1"}],"replies":[{"embeddable":true,"href":"https:\/\/eunewsroom.com\/pl\/wp-json\/wp\/v2\/comments?post=11258"}],"version-history":[{"count":0,"href":"https:\/\/eunewsroom.com\/pl\/wp-json\/wp\/v2\/posts\/11258\/revisions"}],"wp:attachment":[{"href":"https:\/\/eunewsroom.com\/pl\/wp-json\/wp\/v2\/media?parent=11258"}],"wp:term":[{"taxonomy":"category","embeddable":true,"href":"https:\/\/eunewsroom.com\/pl\/wp-json\/wp\/v2\/categories?post=11258"},{"taxonomy":"post_tag","embeddable":true,"href":"https:\/\/eunewsroom.com\/pl\/wp-json\/wp\/v2\/tags?post=11258"}],"curies":[{"name":"wp","href":"https:\/\/api.w.org\/{rel}","templated":true}]}}